{"id":3883,"date":"2026-03-16T08:57:36","date_gmt":"2026-03-16T08:57:36","guid":{"rendered":"https:\/\/busondakika.com.tr\/?p=3883"},"modified":"2026-03-16T08:57:37","modified_gmt":"2026-03-16T08:57:37","slug":"kadir-gecesi-ramazan-ayinin-en-kiymetli-gecesi-olarak-kabul-ediliyor","status":"publish","type":"post","link":"https:\/\/busondakika.com.tr\/?p=3883","title":{"rendered":"Kadir Gecesi, Ramazan ay\u0131n\u0131n en k\u0131ymetli gecesi olarak kabul ediliyor"},"content":{"rendered":"<p> \u00dcsk\u00fcdar \u00dcniversitesi Tasavvuf Ara\u015ft\u0131rmalar\u0131 Enstit\u00fcs\u00fc \u00d6\u011fretim \u00dcyesi Prof. Dr. Re\u015fat \u00d6ng\u00f6ren, Kadir Gecesi\u2019nin manevi de\u011ferini anlatt\u0131.<\/p>\n<p><strong>Kur\u2019an-\u0131 Kerim\u2019in indirilmeye ba\u015fland\u0131\u011f\u0131 gece\u2026<\/strong><\/p>\n<p>Kadir Gecesi\u2019nin, Ramazan ay\u0131n\u0131n en k\u0131ymetli gecesi olarak kabul edildi\u011fini kaydeden Prof. Dr. Re\u015fat \u00d6ng\u00f6ren, \u201cKur\u2019an-\u0131 Kerim\u2019in indirilmeye ba\u015fland\u0131\u011f\u0131 gece olarak bilinen Kadir Gecesi\u2019nin, ilahi rahmet ve ba\u011f\u0131\u015flanman\u0131n zirveye \u00e7\u0131kt\u0131\u011f\u0131 zaman dilimlerinden biri oldu\u011fu ifade ediliyor.\u201d dedi.<\/p>\n<p>Ramazan ay\u0131n\u0131n Kur\u2019\u00e2n-\u0131 Kerim\u2019de an\u0131lan yegane ay oldu\u011funu dile getiren Prof. Dr. Re\u015fat \u00d6ng\u00f6ren, \u201cNitekim Kur\u2019an \u00e2yetlerinin indirilmeye ba\u015fland\u0131\u011f\u0131 Kadir gecesi Ramazan ay\u0131 i\u00e7inde yer al\u0131r. \u00d6te yandan Peygamber Efendimizin her Ramazan\u2019da o zamana kadar inmi\u015f olan \u00e2yetleri Cebrail (a.s.) ile kar\u015f\u0131l\u0131kl\u0131 okuduklar\u0131 (mukabele) bilinmektedir. O y\u00fczden Ramazan ay\u0131na \u2018Kur\u2019an ay\u0131\u2019 denilmi\u015ftir.\u201d diye konu\u015ftu.<\/p>\n<p>Kadir Gecesi\u2019nin kandil geceleri aras\u0131nda en \u00f6nemlisi kabul edildi\u011fini belirten Prof. Dr. \u00d6ng\u00f6ren, Kadir Gecesi\u2019nin yaln\u0131zca bireysel ibadet a\u00e7\u0131s\u0131ndan de\u011fil, toplumsal huzur ve dayan\u0131\u015fma a\u00e7\u0131s\u0131ndan da \u00f6nemli bir f\u0131rsat sundu\u011funu vurgulad\u0131.<\/p>\n<p><strong>Bu gecede yap\u0131lan ibadet, dua ve t\u00f6vbeler ayr\u0131 bir anlam ta\u015f\u0131yor<\/strong><\/p>\n<p>Prof. Dr. \u00d6ng\u00f6ren, \u201cRamazan ay\u0131 i\u00e7erisinde idrak edilen bu m\u00fcbarek gecede yap\u0131lan ibadet, dua ve t\u00f6vbeler, manevi ar\u0131nma ve yenilenme a\u00e7\u0131s\u0131ndan ayr\u0131 bir anlam ta\u015f\u0131yor\u201d diye konu\u015ftu.<\/p>\n<p>Kur\u2019an-\u0131 Kerim\u2019de \u201cbin aydan daha hay\u0131rl\u0131\u201d olarak nitelendirilen Kadir Gecesi\u2019nin, Allah\u2019\u0131n rahmet ve ma\u011ffiret kap\u0131lar\u0131n\u0131n sonuna kadar a\u00e7\u0131k oldu\u011fu \u00f6zel bir zaman dilimi oldu\u011funa i\u015faret eden Prof. Dr. \u00d6ng\u00f6ren, bu gecenin en iyi \u015fekilde de\u011ferlendirilmesi gerekti\u011fini ifade etti. Zira \u201cbin ayl\u0131k\u201d bir zaman dilimi 83 y\u0131ll\u0131k bir \u00f6mre kar\u015f\u0131l\u0131k geliyor; uzun ya\u015fam\u0131\u015f bir insan \u00f6mr\u00fc. O zaman gecenin her saniyesi ayr\u0131 bir \u00f6nem kazan\u0131yor. B\u00fct\u00fcn geceyi dua, tespih ve ibadetlerle de\u011ferlendirmek, uzunca bir \u00f6mr\u00fc ibadetlerle g\u00fcnahs\u0131z tamamlamak anlam\u0131na geliyor.<\/p>\n<p><strong>Peygamberimizin Kadir Gecesi\u2019ne rastlan\u0131ld\u0131\u011f\u0131nda yap\u0131lmas\u0131n\u0131 tavsiye etti\u011fi dua\u00a0<\/strong><\/p>\n<p>Peygamber Efendimizin Ramazan&#8217;\u0131n son 10 g\u00fcn\u00fcnde itikaftan bahsetti\u011fini dile getiren Prof. Dr. \u00d6ng\u00f6ren, \u201c\u0130tikaf yaln\u0131z ba\u015f\u0131na, topluma kar\u0131\u015fmadan Allah&#8217;\u0131 zikirle me\u015fgul olmak. Yani kulun yan\u0131na hi\u00e7 kimseyi almadan Allah ile ba\u015f ba\u015fa kalmas\u0131. Dolay\u0131s\u0131yla Ramazan i\u00e7erisinde oru\u00e7 sebebiyle a\u00e7 kalmakla \u201criyazet\u201d var, \u0130tikaf vesilesiyle \u201chalvet\u201d var. Gece ve g\u00fcnd\u00fcz isti\u011ffar ile ba\u011f\u0131\u015flanma var. Nitekim Peygamber Efendimizin Kadir gecesi i\u00e7in tavsiye etti\u011fi dua tam da ba\u011f\u0131\u015flanma talebi \u00fczerine. Hazreti Ay\u015fe validemiz, &#8216;Ben Kadir Gecesi&#8217;ne ula\u015f\u0131rsam ne yapay\u0131m?&#8217; diye sordu\u011funda, \u015fu duay\u0131 oku buyuruyor: Allah\u00fcmme inneke af\u00fcvv\u00fcn ker\u00eem\u00fcn tuhibb\u00fcl afve fa&#8217;f\u00fc ann\u00ee. T\u00fcrk\u00e7esini de s\u00f6yleyebilirsiniz: Allah&#8217;\u0131m! Sen \u00e7ok affedicisin, ker\u00eemsin (c\u00f6mert ve l\u00fctufk\u00e2rs\u0131n), affetmeyi seversin; beni de affet.\u201d diye s\u00f6zlerini tamamlad\u0131.<\/p>\n<p>\u00a0<\/p>\n<p>\u00a0<\/p>\n<p>Kaynak: (BYZHA) Beyaz Haber Ajans\u0131<\/p>\n","protected":false},"excerpt":{"rendered":"<p>\u00dcsk\u00fcdar \u00dcniversitesi Tasavvuf Ara\u015ft\u0131rmalar\u0131 Enstit\u00fcs\u00fc \u00d6\u011fretim \u00dcyesi Prof.<\/p>\n","protected":false},"author":1,"featured_media":3884,"comment_status":"open","ping_status":"open","sticky":false,"template":"","format":"standard","meta":{"footnotes":""},"categories":[20],"tags":[],"class_list":["post-3883","post","type-post","status-publish","format-standard","has-post-thumbnail","hentry","category-kultur-sanat"],"_links":{"self":[{"href":"https:\/\/busondakika.com.tr\/index.php?rest_route=\/wp\/v2\/posts\/3883","targetHints":{"allow":["GET"]}}],"collection":[{"href":"https:\/\/busondakika.com.tr\/index.php?rest_route=\/wp\/v2\/posts"}],"about":[{"href":"https:\/\/busondakika.com.tr\/index.php?rest_route=\/wp\/v2\/types\/post"}],"author":[{"embeddable":true,"href":"https:\/\/busondakika.com.tr\/index.php?rest_route=\/wp\/v2\/users\/1"}],"replies":[{"embeddable":true,"href":"https:\/\/busondakika.com.tr\/index.php?rest_route=%2Fwp%2Fv2%2Fcomments&post=3883"}],"version-history":[{"count":1,"href":"https:\/\/busondakika.com.tr\/index.php?rest_route=\/wp\/v2\/posts\/3883\/revisions"}],"predecessor-version":[{"id":3885,"href":"https:\/\/busondakika.com.tr\/index.php?rest_route=\/wp\/v2\/posts\/3883\/revisions\/3885"}],"wp:featuredmedia":[{"embeddable":true,"href":"https:\/\/busondakika.com.tr\/index.php?rest_route=\/wp\/v2\/media\/3884"}],"wp:attachment":[{"href":"https:\/\/busondakika.com.tr\/index.php?rest_route=%2Fwp%2Fv2%2Fmedia&parent=3883"}],"wp:term":[{"taxonomy":"category","embeddable":true,"href":"https:\/\/busondakika.com.tr\/index.php?rest_route=%2Fwp%2Fv2%2Fcategories&post=3883"},{"taxonomy":"post_tag","embeddable":true,"href":"https:\/\/busondakika.com.tr\/index.php?rest_route=%2Fwp%2Fv2%2Ftags&post=3883"}],"curies":[{"name":"wp","href":"https:\/\/api.w.org\/{rel}","templated":true}]}}