{"id":3889,"date":"2026-03-16T09:07:32","date_gmt":"2026-03-16T09:07:32","guid":{"rendered":"https:\/\/busondakika.com.tr\/?p=3889"},"modified":"2026-03-16T09:07:33","modified_gmt":"2026-03-16T09:07:33","slug":"bakirkoy-muhabbetinde-turk-halk-muzigi-konusuldu","status":"publish","type":"post","link":"https:\/\/busondakika.com.tr\/?p=3889","title":{"rendered":"Bak\u0131rk\u00f6y Muhabbeti\u2019nde T\u00fcrk Halk M\u00fczi\u011fi Konu\u015fuldu"},"content":{"rendered":"<p> Bak\u0131rk\u00f6y Belediyesi taraf\u0131ndan d\u00fczenlenen \u201cBak\u0131rk\u00f6y Muhabbeti\u201d etkinlikleri kapsam\u0131nda, etnom\u00fczikolog ve yazar Melih Duygulu \u201cT\u00fcrk Halk M\u00fczi\u011finin D\u00fcn\u00fc, Bug\u00fcn\u00fc\u201d ba\u015fl\u0131kl\u0131 s\u00f6yle\u015fide Bak\u0131rk\u00f6yl\u00fclerle bulu\u015ftu. Alper Oflaz moderat\u00f6rl\u00fc\u011f\u00fcnde ger\u00e7ekle\u015fen etkinlikte, halk m\u00fczi\u011finin tarihsel geli\u015fimi ve g\u00fcn\u00fcm\u00fczdeki yeri ele al\u0131nd\u0131.<\/p>\n<p>Bak\u0131rk\u00f6y Belediyesi\u2019nin k\u00fclt\u00fcr-sanat etkinlikleri kapsam\u0131nda d\u00fczenledi\u011fi \u201cBak\u0131rk\u00f6y Muhabbeti\u201d s\u00f6yle\u015fileri devam ediyor. Bu kapsamda etnom\u00fczikolog ve yazar Melih Duygulu, \u201cT\u00fcrk Halk M\u00fczi\u011finin D\u00fcn\u00fc, Bug\u00fcn\u00fc\u201d ba\u015fl\u0131kl\u0131 s\u00f6yle\u015fi ve imza g\u00fcn\u00fc etkinli\u011fiyle Bak\u0131rk\u00f6yl\u00fclerle bir araya geldi. Alper Oflaz moderat\u00f6rl\u00fc\u011f\u00fcnde \u0130spirtohane K\u00fclt\u00fcr Merkezi\u2019nde ger\u00e7ekle\u015ftirilen etkinlikte Duygulu, T\u00fcrk halk m\u00fczi\u011finin tarihsel k\u00f6klerinden g\u00fcn\u00fcm\u00fcze uzanan yolculu\u011funu anlatt\u0131. S\u00f6yle\u015fide halk m\u00fczi\u011finin k\u00fclt\u00fcrel kimlik \u00fczerindeki etkisi, s\u00f6zl\u00fc k\u00fclt\u00fcr gelene\u011fi ve m\u00fczi\u011fin toplumsal haf\u0131zadaki yeri \u00fczerine de\u011ferlendirmelerde bulunuldu. Kat\u0131l\u0131mc\u0131lar\u0131n yo\u011fun ilgi g\u00f6sterdi\u011fi program\u0131n sonunda Melih Duygulu, okurlar\u0131 i\u00e7in kitaplar\u0131n\u0131 imzalad\u0131 ve dinleyicilerle sohbet etti.<\/p>\n<p><b>\u201cBenim i\u00e7in \u015ferefti\u201d<\/b><\/p>\n<p>S\u00f6yle\u015fi hakk\u0131nda d\u00fc\u015f\u00fcncelerini payla\u015fan Melih Duygulu, \u201cBak\u0131rk\u00f6y Belediyemizin bu g\u00fczel etkinli\u011finde bulunmak benim i\u00e7in bir \u015ferefti. B\u00f6yle bir projeye davet edilmek benim i\u00e7in \u00e7ok b\u00fcy\u00fck bir onur fakat Bak\u0131rk\u00f6yl\u00fcler i\u00e7in \u00e7ok \u00f6zel bir bilin\u00e7lenme s\u00fcreci. Bir sosyal belediyecilik anlay\u0131\u015f\u0131 sergiledikleri i\u00e7in Bak\u0131rk\u00f6y Belediyesi ailesine te\u015fekk\u00fcr ederim\u201d dedi.<\/p>\n<p>\u00a0<\/p>\n<p>\u00a0<\/p>\n<p>Kaynak: (BYZHA) Beyaz Haber Ajans\u0131<\/p>\n","protected":false},"excerpt":{"rendered":"<p>Bak\u0131rk\u00f6y Belediyesi taraf\u0131ndan d\u00fczenlenen \u201cBak\u0131rk\u00f6y Muhabbeti\u201d etkinlikleri kapsam\u0131nda, etnom\u00fczikolog ve yazar Melih Duygulu \u201cT\u00fcrk Halk M\u00fczi\u011finin D\u00fcn\u00fc, Bug\u00fcn\u00fc\u201d ba\u015fl\u0131kl\u0131 s\u00f6yle\u015fide Bak\u0131rk\u00f6yl\u00fclerle bulu\u015ftu.<\/p>\n","protected":false},"author":1,"featured_media":3890,"comment_status":"open","ping_status":"open","sticky":false,"template":"","format":"standard","meta":{"footnotes":""},"categories":[20],"tags":[],"class_list":["post-3889","post","type-post","status-publish","format-standard","has-post-thumbnail","hentry","category-kultur-sanat"],"_links":{"self":[{"href":"https:\/\/busondakika.com.tr\/index.php?rest_route=\/wp\/v2\/posts\/3889","targetHints":{"allow":["GET"]}}],"collection":[{"href":"https:\/\/busondakika.com.tr\/index.php?rest_route=\/wp\/v2\/posts"}],"about":[{"href":"https:\/\/busondakika.com.tr\/index.php?rest_route=\/wp\/v2\/types\/post"}],"author":[{"embeddable":true,"href":"https:\/\/busondakika.com.tr\/index.php?rest_route=\/wp\/v2\/users\/1"}],"replies":[{"embeddable":true,"href":"https:\/\/busondakika.com.tr\/index.php?rest_route=%2Fwp%2Fv2%2Fcomments&post=3889"}],"version-history":[{"count":1,"href":"https:\/\/busondakika.com.tr\/index.php?rest_route=\/wp\/v2\/posts\/3889\/revisions"}],"predecessor-version":[{"id":3891,"href":"https:\/\/busondakika.com.tr\/index.php?rest_route=\/wp\/v2\/posts\/3889\/revisions\/3891"}],"wp:featuredmedia":[{"embeddable":true,"href":"https:\/\/busondakika.com.tr\/index.php?rest_route=\/wp\/v2\/media\/3890"}],"wp:attachment":[{"href":"https:\/\/busondakika.com.tr\/index.php?rest_route=%2Fwp%2Fv2%2Fmedia&parent=3889"}],"wp:term":[{"taxonomy":"category","embeddable":true,"href":"https:\/\/busondakika.com.tr\/index.php?rest_route=%2Fwp%2Fv2%2Fcategories&post=3889"},{"taxonomy":"post_tag","embeddable":true,"href":"https:\/\/busondakika.com.tr\/index.php?rest_route=%2Fwp%2Fv2%2Ftags&post=3889"}],"curies":[{"name":"wp","href":"https:\/\/api.w.org\/{rel}","templated":true}]}}