{"id":3904,"date":"2026-03-16T09:43:47","date_gmt":"2026-03-16T09:43:47","guid":{"rendered":"https:\/\/busondakika.com.tr\/?p=3904"},"modified":"2026-03-16T09:43:48","modified_gmt":"2026-03-16T09:43:48","slug":"manisa-buyuksehir-belediyesinden-vektorle-mucadelede-yogun-mesai","status":"publish","type":"post","link":"https:\/\/busondakika.com.tr\/?p=3904","title":{"rendered":"Manisa B\u00fcy\u00fck\u015fehir Belediyesi\u2019nden Vekt\u00f6rle M\u00fccadelede Yo\u011fun Mesai"},"content":{"rendered":"<p> Manisa B\u00fcy\u00fck\u015fehir Belediyesi, kent genelinde sivrisinek ve di\u011fer zararl\u0131lara kar\u015f\u0131 y\u00fcr\u00fctt\u00fc\u011f\u00fc vekt\u00f6rle m\u00fccadele \u00e7al\u0131\u015fmalar\u0131n\u0131 aral\u0131ks\u0131z s\u00fcrd\u00fcr\u00fcyor. Ya\u011f\u0131\u015flar\u0131n ard\u0131ndan olu\u015fan durgun sulara odaklanan ekipler sahada yo\u011fun mesai harcarken, vatanda\u015flara da larva olu\u015fumuna neden olabilecek su birikintilerine kar\u015f\u0131 duyarl\u0131 olma \u00e7a\u011fr\u0131s\u0131 yapt\u0131.<\/p>\n<p>Manisal\u0131lar\u0131n ya\u015fam kalitesini art\u0131rmak amac\u0131yla \u00e7al\u0131\u015fmalar\u0131n\u0131 17 il\u00e7ede kapsaml\u0131 bir \u015fekilde y\u00fcr\u00fcten Manisa B\u00fcy\u00fck\u015fehir Belediyesi, yaz mevsimi \u00f6ncesinde ila\u00e7lama faaliyetlerine h\u0131z verdi. Veteriner \u0130\u015fleri Dairesi Ba\u015fkanl\u0131\u011f\u0131 Vekt\u00f6rlerle M\u00fccadele \u015eube M\u00fcd\u00fcrl\u00fc\u011f\u00fc ekipleri, sahada aktif rol al\u0131yor. Ekipler, a\u00e7\u0131k alanlar, dere yataklar\u0131, \u00e7\u00f6p konteynerleri, g\u00fcbrelikler ve sulak b\u00f6lgelerde d\u00fczenli ila\u00e7lama ile denetim uygulamalar\u0131 yaparak zararl\u0131 pop\u00fclasyonunu kontrol alt\u0131nda tutuyor.<\/p>\n<p><b>\u201cKonforlu ve Sa\u011fl\u0131kl\u0131 Yaz Mevsimi i\u00e7in \u00c7al\u0131\u015f\u0131yoruz\u201d<\/b><\/p>\n<p>\u00c7al\u0131\u015fmalar\u0131 yak\u0131ndan takip eden Manisa B\u00fcy\u00fck\u015fehir Belediye Ba\u015fkan\u0131 Besim Dutlulu, \u201cManisa\u2019m\u0131zda vekt\u00f6rlerle m\u00fccadelemiz 7\/24 s\u00fcr\u00fcyor. 17 il\u00e7emizin tamam\u0131nda larva \u00fcreme alanlar\u0131n\u0131 dronlar ve uzman ekiplerimizle tek tek ila\u00e7l\u0131yoruz. Hedefimiz, hem\u015fehrilerimizin yaz aylar\u0131n\u0131 daha konforlu ve sa\u011fl\u0131kl\u0131 ge\u00e7irmesini sa\u011flamak. Bu m\u00fccadelenin ba\u015far\u0131s\u0131 i\u00e7in saha \u00e7al\u0131\u015fmalar\u0131m\u0131z\u0131n yan\u0131 s\u0131ra vatanda\u015flar\u0131m\u0131z\u0131n deste\u011fi de b\u00fcy\u00fck \u00f6nem ta\u015f\u0131yor\u201d ifadelerini kulland\u0131.<\/p>\n<p><b>\u201cM\u00fccadelemiz Devam Ediyor\u201d<\/b><\/p>\n<p>\u00c7al\u0131\u015fmalar hakk\u0131nda bilgi veren Vekt\u00f6rlerle M\u00fccadele \u015eube M\u00fcd\u00fcr\u00fc U\u011fur Dilik, \u201cSon ya\u011f\u0131\u015flar\u0131n ard\u0131ndan olu\u015fan sulak alanlarda ve larvasit alanlarda h\u0131zl\u0131 bir \u015fekilde uygulamalara ba\u015flad\u0131k. Normal sezonda rezid\u00fcel, \u00e7\u00f6p uygulamalar\u0131, g\u00fcbrelik alan uygulamalar\u0131, r\u00f6gar kapaklar\u0131nda hamam b\u00f6ce\u011fine y\u00f6nelik \u00e7al\u0131\u015fmalar ve kemirgenlere kar\u015f\u0131 m\u00fccadelemiz devam ediyor\u201d dedi.<\/p>\n<p><b>Dura\u011fan Sulara Dikkat<\/b><\/p>\n<p>Vatanda\u015flar\u0131n da bu s\u00fcre\u00e7te bilin\u00e7li davranmas\u0131n\u0131n b\u00fcy\u00fck \u00f6nem ta\u015f\u0131d\u0131\u011f\u0131na dikkat \u00e7eken U\u011fur Dilik, \u201cBah\u00e7elerdeki su kaplar\u0131, bidonlar, variller ve saks\u0131 altlar\u0131nda biriken sular sivrisineklerin \u00fcreme alan\u0131 haline gelebilir. Bu noktalara dikkat eden vatanda\u015flar, kendi ya\u015fam alanlar\u0131nda sinek olu\u015fumunun \u00f6n\u00fcne ge\u00e7mi\u015f olur\u201d diye konu\u015ftu.<\/p>\n<p><b>Sahada Kar\u015f\u0131la\u015f\u0131lan Durumlara Dikkat \u00c7ekti<\/b><\/p>\n<p>Veteriner \u0130\u015fleri Dairesi Ba\u015fkanl\u0131\u011f\u0131 saha personeli Ali I\u015f\u0131lak da sahada en \u00e7ok kar\u015f\u0131la\u015f\u0131lan durumlara dikkat \u00e7ekti.\u00a0I\u015f\u0131lak, sokak hayvanlar\u0131 i\u00e7in b\u0131rak\u0131lan su kaplar\u0131nda biriken sular, s\u0131\u011f\u0131nak ve kazan dairelerinde olu\u015fan durgun sular, lastikler ve bah\u00e7elerdeki s\u00fcs havuzlar\u0131 sivrisinek larvalar\u0131 i\u00e7in uygun ortam olu\u015fturuyor. Bu alanlar\u0131n d\u00fczenli olarak temizlenmesi ve suyun durgun kalmamas\u0131 gerekiyor. Biz saha personeli olarak bunlarla m\u00fccadele i\u00e7in var g\u00fcc\u00fcm\u00fczle \u00e7al\u0131\u015f\u0131yoruz. Vatanda\u015flar\u0131m\u0131z\u0131n da duyarl\u0131 olmas\u0131 b\u00fcy\u00fck \u00f6nem ta\u015f\u0131yor\u201d dedi.<\/p>\n<p>\u00a0<\/p>\n<p>\u00a0<\/p>\n<p>Kaynak: (BYZHA) Beyaz Haber Ajans\u0131<\/p>\n","protected":false},"excerpt":{"rendered":"<p>Manisa B\u00fcy\u00fck\u015fehir Belediyesi, kent genelinde sivrisinek ve di\u011fer zararl\u0131lara kar\u015f\u0131 y\u00fcr\u00fctt\u00fc\u011f\u00fc vekt\u00f6rle m\u00fccadele \u00e7al\u0131\u015fmalar\u0131n\u0131 aral\u0131ks\u0131z s\u00fcrd\u00fcr\u00fcyor.<\/p>\n","protected":false},"author":1,"featured_media":3905,"comment_status":"open","ping_status":"open","sticky":false,"template":"","format":"standard","meta":{"footnotes":""},"categories":[21],"tags":[],"class_list":["post-3904","post","type-post","status-publish","format-standard","has-post-thumbnail","hentry","category-gundem"],"_links":{"self":[{"href":"https:\/\/busondakika.com.tr\/index.php?rest_route=\/wp\/v2\/posts\/3904","targetHints":{"allow":["GET"]}}],"collection":[{"href":"https:\/\/busondakika.com.tr\/index.php?rest_route=\/wp\/v2\/posts"}],"about":[{"href":"https:\/\/busondakika.com.tr\/index.php?rest_route=\/wp\/v2\/types\/post"}],"author":[{"embeddable":true,"href":"https:\/\/busondakika.com.tr\/index.php?rest_route=\/wp\/v2\/users\/1"}],"replies":[{"embeddable":true,"href":"https:\/\/busondakika.com.tr\/index.php?rest_route=%2Fwp%2Fv2%2Fcomments&post=3904"}],"version-history":[{"count":1,"href":"https:\/\/busondakika.com.tr\/index.php?rest_route=\/wp\/v2\/posts\/3904\/revisions"}],"predecessor-version":[{"id":3906,"href":"https:\/\/busondakika.com.tr\/index.php?rest_route=\/wp\/v2\/posts\/3904\/revisions\/3906"}],"wp:featuredmedia":[{"embeddable":true,"href":"https:\/\/busondakika.com.tr\/index.php?rest_route=\/wp\/v2\/media\/3905"}],"wp:attachment":[{"href":"https:\/\/busondakika.com.tr\/index.php?rest_route=%2Fwp%2Fv2%2Fmedia&parent=3904"}],"wp:term":[{"taxonomy":"category","embeddable":true,"href":"https:\/\/busondakika.com.tr\/index.php?rest_route=%2Fwp%2Fv2%2Fcategories&post=3904"},{"taxonomy":"post_tag","embeddable":true,"href":"https:\/\/busondakika.com.tr\/index.php?rest_route=%2Fwp%2Fv2%2Ftags&post=3904"}],"curies":[{"name":"wp","href":"https:\/\/api.w.org\/{rel}","templated":true}]}}