{"id":3907,"date":"2026-03-16T09:43:49","date_gmt":"2026-03-16T09:43:49","guid":{"rendered":"https:\/\/busondakika.com.tr\/?p=3907"},"modified":"2026-03-16T09:43:50","modified_gmt":"2026-03-16T09:43:50","slug":"baskan-yetiskin-artik-cope-giden-yemekler-can-dostlarimiz-icin-mamaya-donusuyor","status":"publish","type":"post","link":"https:\/\/busondakika.com.tr\/?p=3907","title":{"rendered":"Ba\u015fkan Yeti\u015fkin: \u201cArt\u0131k \u00e7\u00f6pe giden yemekler can dostlar\u0131m\u0131z i\u00e7in mamaya d\u00f6n\u00fc\u015f\u00fcyor\u201d"},"content":{"rendered":"<p> Seferihisar Belediyesi, g\u0131da israf\u0131n\u0131 azaltmak ve sokak hayvanlar\u0131n\u0131n beslenmesine katk\u0131 sa\u011flamak amac\u0131yla hayata ge\u00e7irdi\u011fi mama kompost makinesi projesiyle hem \u00e7evreyi koruyan hem de s\u00fcrd\u00fcr\u00fclebilir bir \u00e7\u00f6z\u00fcm sunan \u00f6nemli bir ad\u0131m att\u0131.<\/p>\n<p>Sokak Hayvanlar\u0131 Yuvas\u0131\u2019nda kurulan sistem sayesinde evlerden ve lokantalardan \u00e7\u0131kan yenmemi\u015f yemekler art\u0131k \u00e7\u00f6pe gitmek yerine i\u015flenerek sokak hayvanlar\u0131 i\u00e7in mamaya d\u00f6n\u00fc\u015ft\u00fcr\u00fcl\u00fcyor.<\/p>\n<p>Uzun s\u00fcredir \u00fczerinde \u00e7al\u0131\u015f\u0131lan proje kapsam\u0131nda ilk mama \u00fcretimi ger\u00e7ekle\u015ftirildi.\u00a0<\/p>\n<p>Seferihisar Belediye Ba\u015fkan\u0131 \u0130smail Yeti\u015fkin, Prof. Dr. \u0130smet Sungurbey Sokak Hayvanlar\u0131 Yuvas\u0131\u2019n\u0131 ziyaret ederek mama kompost makinesini yerinde inceledi ve proje hakk\u0131nda a\u00e7\u0131klamalarda bulundu.<\/p>\n<p>Ba\u015fkan Yeti\u015fkin, projenin yaln\u0131zca sokak hayvanlar\u0131n\u0131n beslenmesiyle s\u0131n\u0131rl\u0131 olmad\u0131\u011f\u0131n\u0131, ayn\u0131 zamanda s\u0131f\u0131r at\u0131k, s\u00fcrd\u00fcr\u00fclebilirlik ve kaynaklar\u0131n verimli kullan\u0131lmas\u0131 a\u00e7\u0131s\u0131ndan da \u00f6nemli bir \u00e7al\u0131\u015fma oldu\u011funu vurgulad\u0131.<\/p>\n<p>\u201cBir lokman\u0131n \u00e7\u00f6pe gitmedi\u011fi, bir can\u0131n karn\u0131n\u0131 doyurdu\u011fu bir sistemi bug\u00fcn burada ba\u015flat\u0131yoruz\u201d diyen Ba\u015fkan Yeti\u015fkin, \u015fu ifadeleri kulland\u0131:<\/p>\n<p>\u201cUzun s\u00fcredir \u00fczerinde \u00e7al\u0131\u015ft\u0131\u011f\u0131m\u0131z mama kompost makinemiz art\u0131k sokak hayvanlar\u0131 yuvam\u0131zda ve bug\u00fcn ilk mamam\u0131z\u0131 \u00fcretmenin mutlulu\u011funu ya\u015f\u0131yoruz. Sokakta ya\u015fayan can dostlar\u0131m\u0131z bu \u015fehrin bir par\u00e7as\u0131, bu \u015fehrin sessiz sakinleri. Onlar\u0131n ya\u015fam\u0131n\u0131 korumak ve ihtiya\u00e7lar\u0131n\u0131 kar\u015f\u0131lamak hepimizin ortak sorumlulu\u011fu.\u201d<\/p>\n<p>Proje kapsam\u0131nda evlerden ve \u00f6zellikle esnaf lokantalar\u0131ndan toplanan yenmemi\u015f yemekler, mama kompost makinesinde i\u015flenerek sokak hayvanlar\u0131 i\u00e7in besleyici mamaya d\u00f6n\u00fc\u015ft\u00fcr\u00fcl\u00fcyor. B\u00f6ylece hem g\u0131da israf\u0131n\u0131n \u00f6n\u00fcne ge\u00e7iliyor hem de sokak hayvanlar\u0131n\u0131n mama ihtiyac\u0131na s\u00fcrd\u00fcr\u00fclebilir bir \u00e7\u00f6z\u00fcm sunuluyor.<\/p>\n<p>Ba\u015fkan Yeti\u015fkin, sistemin ayn\u0131 zamanda s\u0131f\u0131r at\u0131k hareketinin yereldeki \u00f6nemli bir uygulamas\u0131 oldu\u011funu belirterek \u015f\u00f6yle konu\u015ftu:<\/p>\n<p>\u201cArt\u0131k evlerimizde ve lokantalar\u0131m\u0131zda yenmeyen yemekler \u00e7\u00f6pe gitmeyecek. Bu yemekler d\u00f6n\u00fc\u015fecek, de\u011ferlenecek ve can dostlar\u0131m\u0131z\u0131n mamas\u0131 olacak. Yani \u00e7\u00f6pe gidecek bir lokma, bir can\u0131n karn\u0131n\u0131 doyuracak. Bu \u00e7al\u0131\u015fma sadece bir makine de\u011fil, ayn\u0131 zamanda bir dayan\u0131\u015fma hareketi.\u201d<\/p>\n<p>Seferihisar Belediyesi\u2019nin hayata ge\u00e7irdi\u011fi proje ile hem sokakta ya\u015fayan hem de Seferihisar Sokak Hayvanlar\u0131 Yuvas\u0131\u2019nda bulunan can dostlar\u0131n\u0131n mama ihtiyac\u0131n\u0131n kar\u015f\u0131lanmas\u0131na katk\u0131 sa\u011flanacak. Belediyenin ayr\u0131ca kul\u00fcbe yap\u0131m\u0131, bak\u0131m ve rehabilitasyon \u00e7al\u0131\u015fmalar\u0131yla sokak hayvanlar\u0131n\u0131n ya\u015fam ko\u015fullar\u0131n\u0131 iyile\u015ftirmeye y\u00f6nelik projeleri de devam ediyor.<\/p>\n<p>Ba\u015fkan Yeti\u015fkin, vatanda\u015flar\u0131n ve esnaf\u0131n deste\u011fiyle projenin b\u00fcy\u00fcyece\u011fini belirterek s\u00f6zlerini \u015fu ifadelerle tamamlad\u0131:<\/p>\n<p>\u201cBiz inan\u0131yoruz ki bir \u015fehir, i\u00e7inde ya\u015fayan t\u00fcm canl\u0131larla birlikte g\u00fczeldir. Bu anlay\u0131\u015fla hem do\u011fay\u0131 koruyan hem de can dostlar\u0131m\u0131za sahip \u00e7\u0131kan s\u00fcrd\u00fcr\u00fclebilir projeleri hayata ge\u00e7irmeye devam edece\u011fiz.\u201d<\/p>\n<p>\u00a0<\/p>\n<p>\u00a0<\/p>\n<p>Kaynak: (BYZHA) Beyaz Haber Ajans\u0131<\/p>\n","protected":false},"excerpt":{"rendered":"<p>Seferihisar Belediyesi, g\u0131da israf\u0131n\u0131 azaltmak ve sokak hayvanlar\u0131n\u0131n beslenmesine katk\u0131 sa\u011flamak amac\u0131yla hayata ge\u00e7irdi\u011fi mama kompost makinesi projesiyle hem \u00e7evreyi koruyan hem de s\u00fcrd\u00fcr\u00fclebilir bir \u00e7\u00f6z\u00fcm sunan \u00f6nemli bir ad\u0131m att\u0131.<\/p>\n","protected":false},"author":1,"featured_media":3908,"comment_status":"open","ping_status":"open","sticky":false,"template":"","format":"standard","meta":{"footnotes":""},"categories":[21],"tags":[],"class_list":["post-3907","post","type-post","status-publish","format-standard","has-post-thumbnail","hentry","category-gundem"],"_links":{"self":[{"href":"https:\/\/busondakika.com.tr\/index.php?rest_route=\/wp\/v2\/posts\/3907","targetHints":{"allow":["GET"]}}],"collection":[{"href":"https:\/\/busondakika.com.tr\/index.php?rest_route=\/wp\/v2\/posts"}],"about":[{"href":"https:\/\/busondakika.com.tr\/index.php?rest_route=\/wp\/v2\/types\/post"}],"author":[{"embeddable":true,"href":"https:\/\/busondakika.com.tr\/index.php?rest_route=\/wp\/v2\/users\/1"}],"replies":[{"embeddable":true,"href":"https:\/\/busondakika.com.tr\/index.php?rest_route=%2Fwp%2Fv2%2Fcomments&post=3907"}],"version-history":[{"count":1,"href":"https:\/\/busondakika.com.tr\/index.php?rest_route=\/wp\/v2\/posts\/3907\/revisions"}],"predecessor-version":[{"id":3909,"href":"https:\/\/busondakika.com.tr\/index.php?rest_route=\/wp\/v2\/posts\/3907\/revisions\/3909"}],"wp:featuredmedia":[{"embeddable":true,"href":"https:\/\/busondakika.com.tr\/index.php?rest_route=\/wp\/v2\/media\/3908"}],"wp:attachment":[{"href":"https:\/\/busondakika.com.tr\/index.php?rest_route=%2Fwp%2Fv2%2Fmedia&parent=3907"}],"wp:term":[{"taxonomy":"category","embeddable":true,"href":"https:\/\/busondakika.com.tr\/index.php?rest_route=%2Fwp%2Fv2%2Fcategories&post=3907"},{"taxonomy":"post_tag","embeddable":true,"href":"https:\/\/busondakika.com.tr\/index.php?rest_route=%2Fwp%2Fv2%2Ftags&post=3907"}],"curies":[{"name":"wp","href":"https:\/\/api.w.org\/{rel}","templated":true}]}}