{"id":3910,"date":"2026-03-16T09:43:51","date_gmt":"2026-03-16T09:43:51","guid":{"rendered":"https:\/\/busondakika.com.tr\/?p=3910"},"modified":"2026-03-16T09:43:52","modified_gmt":"2026-03-16T09:43:52","slug":"osmangazide-rumeli-dayanismasi-gucleniyor","status":"publish","type":"post","link":"https:\/\/busondakika.com.tr\/?p=3910","title":{"rendered":"Osmangazi\u2019de Rumeli Dayan\u0131\u015fmas\u0131 G\u00fc\u00e7leniyor"},"content":{"rendered":"<p> <span style=\"font-size:12pt\"><span style=\",serif\"><span style=\",serif\">Osmangazi Belediye Ba\u015fkan\u0131 Erkan Ayd\u0131n, Rumeli k\u00fclt\u00fcr\u00fcn\u00fcn k\u00f6kl\u00fc miras\u0131n\u0131 ya\u015fatmak ve Balkan k\u00f6kenli vatanda\u015flarla g\u00f6n\u00fcl ba\u011flar\u0131n\u0131 g\u00fc\u00e7lendirmek amac\u0131yla d\u00fczenlenen anlaml\u0131 bulu\u015fmada Rumeli camias\u0131n\u0131n temsilcileriyle ayn\u0131 sofrada bir araya geldi. T\u00fcm Rumeli Dernekleri Federasyonu (RUMEL\u0130FED) \u00f6nc\u00fcl\u00fc\u011f\u00fcnde ger\u00e7ekle\u015fen program, dostlu\u011fun, k\u00fclt\u00fcrel birlikteli\u011fin ve ortak ge\u00e7mi\u015fin g\u00fc\u00e7l\u00fc bir yans\u0131mas\u0131 olarak dikkat \u00e7ekti.<\/span><\/span><\/span><\/p>\n<p><span style=\"font-size:12pt\"><span style=\",serif\"><span style=\",serif\">Ramazan ay\u0131 boyunca iftar sofralar\u0131nda hem\u015fehrileriyle bulu\u015fan Osmangazi Belediye Ba\u015fkan\u0131 Erkan Ayd\u0131n, bu kez Rumeli derneklerinin ba\u015fkan ve y\u00f6neticileri, il\u00e7elerden gelen temsilciler ile Kuzey Makedonya Fahri Konsolosu Halil Bedzeti\u2019nin de davetliler aras\u0131nda yer ald\u0131\u011f\u0131 bir programa kat\u0131l\u0131m g\u00f6sterdi. Rumeli k\u00fclt\u00fcr\u00fcn\u00fcn dostluk, dayan\u0131\u015fma ve ortak haf\u0131za etraf\u0131nda \u015fekillenen g\u00fc\u00e7l\u00fc ruhunu yans\u0131tan bu anlaml\u0131 bulu\u015fma, Bursa\u2019da ya\u015fayan Rumeli camias\u0131n\u0131n birlik ile beraberli\u011fini bir kez daha g\u00f6zler \u00f6n\u00fcne serdi.<\/span><\/span><\/span><\/p>\n<p><span style=\"font-size:12pt\"><span style=\",serif\"><b><span style=\",serif\">\u201cBu G\u00f6n\u00fcl Ba\u011f\u0131n\u0131 Koparmayaca\u011f\u0131z\u201d<\/span><\/b><\/span><\/span><\/p>\n<p><span style=\"font-size:12pt\"><span style=\",serif\"><span style=\",serif\">Programda konu\u015fan Osmangazi Belediye Ba\u015fkan\u0131 Erkan Ayd\u0131n, Rumeli\u2019nin sadece bir co\u011frafyay\u0131 de\u011fil; k\u00f6kl\u00fc bir k\u00fclt\u00fcr\u00fc, g\u00fc\u00e7l\u00fc bir dayan\u0131\u015fma ruhunu ve nesilden nesile aktar\u0131lan de\u011ferleri temsil etti\u011fini belirtti. Rumeli k\u00fclt\u00fcr\u00fcn\u00fcn Bursa\u2019n\u0131n sosyal ve k\u00fclt\u00fcrel dokusuna \u00f6nemli katk\u0131lar sundu\u011funu s\u00f6yleyen Ayd\u0131n, s\u00f6zlerinde \u015fu ifadelere yer verdi:<\/span><\/span><\/span><\/p>\n<p><span style=\"font-size:12pt\"><span style=\",serif\"><span style=\",serif\">\u201cRamazan \u00f6ncesinde \u00dcsk\u00fcp\u2019te Kad\u0131nlar G\u00fcn\u00fc dolay\u0131s\u0131yla 11 \u00fclke ve 40 \u015fehirden yakla\u015f\u0131k 350 soyda\u015f\u0131m\u0131zla bir araya geldik. Ard\u0131ndan Bat\u0131 Trakya\u2019da iftar program\u0131na kat\u0131ld\u0131k. Son olarak Bulgaristan\u2019\u0131n Varna kentinde yine soyda\u015flar\u0131m\u0131zla iftar sofram\u0131z\u0131 payla\u015ft\u0131k. Her gitti\u011fimiz yerde ayn\u0131 duyguyu g\u00f6r\u00fcyoruz; oradaki T\u00fcrkler, buradan uzat\u0131lan bir eli iki elleriyle sahipleniyor. Bu anlay\u0131\u015fla Osmangazi Belediyesi olarak imkanlar\u0131m\u0131z do\u011frultusunda Balkanlarla ba\u011flar\u0131m\u0131z\u0131 g\u00fc\u00e7lendirmeye devam edece\u011fiz. Haziran ay\u0131nda yine Kosova\u2019da olaca\u011f\u0131z ve I. Murad H\u00fcdavendigar\u2019\u0131 anma program\u0131m\u0131z\u0131 d\u00fczenleyece\u011fiz. Rumeli ve Balkanlar\u0131n bir\u00e7ok noktas\u0131nda bu g\u00f6n\u00fcl ba\u011f\u0131n\u0131 koparmayaca\u011f\u0131z. \u00c7\u00fcnk\u00fc o co\u011frafyadaki bir\u00e7ok insan\u0131n Bursa\u2019da akrabas\u0131, yak\u0131n\u0131 var. Osmangazi neticede her mahallesinde Rumeli ve Balkan g\u00f6\u00e7meni hem\u015fehrilerimizin bulundu\u011fu bir il\u00e7e. Biz de bu misyonu kendimizde g\u00f6rd\u00fck, g\u00f6rev edindik ve birlikte olmak istedik. Buraya geldi\u011finiz i\u00e7in hepinize ayr\u0131 ayr\u0131 te\u015fekk\u00fcr ediyorum. \u0130n\u015fallah daha b\u00fcy\u00fck ve daha kapsaml\u0131 etkinliklerde yine birlikte oluruz.\u201d<\/span><\/span><\/span><\/p>\n<p><span style=\"font-size:12pt\"><span style=\",serif\"><span style=\",serif\">RUMEL\u0130FED Y\u00f6netim Kurulu Ba\u015fkan\u0131 Sedat \u015eeng\u00fcl ise bulu\u015fmaya vesile olan Osmangazi Belediye Ba\u015fkan\u0131 Erkan Ayd\u0131n\u2019a y\u00fcrekten te\u015fekk\u00fcr etti. Samimi ve s\u0131cak bir atmosferde ger\u00e7ekle\u015fen program, hat\u0131ra foto\u011fraf \u00e7ekimiyle sona erdi. <\/span><\/span><\/span><\/p>\n<p>\u00a0<\/p>\n<p>\u00a0<\/p>\n<p>Kaynak: (BYZHA) Beyaz Haber Ajans\u0131<\/p>\n","protected":false},"excerpt":{"rendered":"<p>Osmangazi Belediye Ba\u015fkan\u0131 Erkan Ayd\u0131n, Rumeli k\u00fclt\u00fcr\u00fcn\u00fcn k\u00f6kl\u00fc miras\u0131n\u0131 ya\u015fatmak ve Balkan k\u00f6kenli vatanda\u015flarla g\u00f6n\u00fcl ba\u011flar\u0131n\u0131 g\u00fc\u00e7lendirmek amac\u0131yla d\u00fczenlenen anlaml\u0131 bulu\u015fmada Rumeli camias\u0131n\u0131n temsilcileriyle ayn\u0131 sofrada bir araya geldi.<\/p>\n","protected":false},"author":1,"featured_media":3911,"comment_status":"open","ping_status":"open","sticky":false,"template":"","format":"standard","meta":{"footnotes":""},"categories":[21],"tags":[],"class_list":["post-3910","post","type-post","status-publish","format-standard","has-post-thumbnail","hentry","category-gundem"],"_links":{"self":[{"href":"https:\/\/busondakika.com.tr\/index.php?rest_route=\/wp\/v2\/posts\/3910","targetHints":{"allow":["GET"]}}],"collection":[{"href":"https:\/\/busondakika.com.tr\/index.php?rest_route=\/wp\/v2\/posts"}],"about":[{"href":"https:\/\/busondakika.com.tr\/index.php?rest_route=\/wp\/v2\/types\/post"}],"author":[{"embeddable":true,"href":"https:\/\/busondakika.com.tr\/index.php?rest_route=\/wp\/v2\/users\/1"}],"replies":[{"embeddable":true,"href":"https:\/\/busondakika.com.tr\/index.php?rest_route=%2Fwp%2Fv2%2Fcomments&post=3910"}],"version-history":[{"count":1,"href":"https:\/\/busondakika.com.tr\/index.php?rest_route=\/wp\/v2\/posts\/3910\/revisions"}],"predecessor-version":[{"id":3912,"href":"https:\/\/busondakika.com.tr\/index.php?rest_route=\/wp\/v2\/posts\/3910\/revisions\/3912"}],"wp:featuredmedia":[{"embeddable":true,"href":"https:\/\/busondakika.com.tr\/index.php?rest_route=\/wp\/v2\/media\/3911"}],"wp:attachment":[{"href":"https:\/\/busondakika.com.tr\/index.php?rest_route=%2Fwp%2Fv2%2Fmedia&parent=3910"}],"wp:term":[{"taxonomy":"category","embeddable":true,"href":"https:\/\/busondakika.com.tr\/index.php?rest_route=%2Fwp%2Fv2%2Fcategories&post=3910"},{"taxonomy":"post_tag","embeddable":true,"href":"https:\/\/busondakika.com.tr\/index.php?rest_route=%2Fwp%2Fv2%2Ftags&post=3910"}],"curies":[{"name":"wp","href":"https:\/\/api.w.org\/{rel}","templated":true}]}}