{"id":3919,"date":"2026-03-16T09:43:59","date_gmt":"2026-03-16T09:43:59","guid":{"rendered":"https:\/\/busondakika.com.tr\/?p=3919"},"modified":"2026-03-16T09:44:00","modified_gmt":"2026-03-16T09:44:00","slug":"minikler-gobeklitepenin-gizemli-dunyasina-yolculuk-yapti","status":"publish","type":"post","link":"https:\/\/busondakika.com.tr\/?p=3919","title":{"rendered":"Minikler G\u00f6beklitepe\u2019nin gizemli d\u00fcnyas\u0131na yolculuk yapt\u0131"},"content":{"rendered":"<p> Renkli sahne tasar\u0131m\u0131 ve m\u00fczikleriyle sahnelenen \u201cD\u00fcnyan\u0131n G\u00f6be\u011fine Yolculuk\u201d, \u00e7ocuklar\u0131 merak ve ke\u015fif dolu bir G\u00f6beklitepe maceras\u0131na ta\u015f\u0131d\u0131.<\/p>\n<p>\u0130zmir B\u00fcy\u00fck\u015fehir Belediyesi i\u015ftiraki \u0130zmir K\u00fclt\u00fcr A\u015e taraf\u0131ndan sahnelenen \u201cD\u00fcnyan\u0131n G\u00f6be\u011fine Yolculuk\u201d adl\u0131 m\u00fczikli \u00e7ocuk oyunu, Ahmed Adnan Saygun Sanat Merkezi\u2019nde minik izleyicilerle bulu\u015ftu. G\u00f6beklitepe\u2019nin gizemli d\u00fcnyas\u0131n\u0131 sahneye ta\u015f\u0131yan oyun, iki seans boyunca salonu dolduran \u00e7ocuklara ve ailelerine unutulmaz bir g\u00fcn ya\u015fatt\u0131. Inspera \u00c7ocuk Tiyatrosu taraf\u0131ndan haz\u0131rlanan yap\u0131m, renkli sahne tasar\u0131m\u0131, \u00f6zg\u00fcn m\u00fczikleri ve tempolu anlat\u0131m\u0131yla b\u00fcy\u00fck ilgi g\u00f6rd\u00fc. Gizemli bir tren yolculu\u011fuyla ba\u015flayan hik\u00e2ye, \u00e7ocuklar\u0131 merak, ke\u015fif ve dostluk temalar\u0131 etraf\u0131nda geli\u015fen e\u011flenceli bir maceraya s\u00fcr\u00fckledi. Zaman zaman kahkahalar\u0131n, zaman zaman alk\u0131\u015flar\u0131n y\u00fckseldi\u011fi salonda minik izleyiciler oyuna b\u00fcy\u00fck bir heyecanla e\u015flik etti.<\/p>\n<p><strong>\u00c7ocuk kitaplar\u0131 i\u00e7in sat\u0131\u015f noktas\u0131 kuruldu<\/strong><\/p>\n<p>6 ya\u015f ve \u00fczeri \u00e7ocuklara y\u00f6nelik haz\u0131rlanan oyun, ailelerin de yo\u011fun kat\u0131l\u0131m\u0131yla ger\u00e7ekle\u015fti. \u0130ki seans\u0131n da tamamen doldu\u011fu etkinlikte \u00e7ocuklar hem e\u011flendi hem de insanl\u0131k tarihinin en eski yerle\u015fimlerinden biri olan G\u00f6beklitepe hakk\u0131nda keyifli bir ke\u015ffe \u00e7\u0131kt\u0131.<\/p>\n<p>Etkinlik alan\u0131nda ayr\u0131ca \u0130zmir K\u00fclt\u00fcr A\u015e taraf\u0131ndan yay\u0131mlanan \u00e7ocuk kitaplar\u0131 i\u00e7in sat\u0131\u015f noktas\u0131 kuruldu. Minikler ve aileleri, tiyatro deneyimini kitaplarla da zenginle\u015ftirerek \u00e7ocuklara y\u00f6nelik haz\u0131rlanan yay\u0131nlara yo\u011fun ilgi g\u00f6sterdi.<\/p>\n<p>E\u011flendirirken d\u00fc\u015f\u00fcnd\u00fcren i\u00e7eri\u011fiyle dikkat \u00e7eken \u201cD\u00fcnyan\u0131n G\u00f6be\u011fine Yolculuk\u201d, \u00e7ocuklara k\u00fclt\u00fcrel mirasa dair fark\u0131ndal\u0131k kazand\u0131r\u0131rken aileleriyle birlikte payla\u015fabilecekleri \u00f6zel bir tiyatro deneyimi sundu.<\/p>\n<p>\u00a0<\/p>\n<p>Kaynak: (BYZHA) Beyaz Haber Ajans\u0131<\/p>\n","protected":false},"excerpt":{"rendered":"<p>Renkli sahne tasar\u0131m\u0131 ve m\u00fczikleriyle sahnelenen \u201cD\u00fcnyan\u0131n G\u00f6be\u011fine Yolculuk\u201d, \u00e7ocuklar\u0131 merak ve ke\u015fif dolu bir G\u00f6beklitepe maceras\u0131na ta\u015f\u0131d\u0131.<\/p>\n","protected":false},"author":1,"featured_media":3920,"comment_status":"open","ping_status":"open","sticky":false,"template":"","format":"standard","meta":{"footnotes":""},"categories":[20],"tags":[],"class_list":["post-3919","post","type-post","status-publish","format-standard","has-post-thumbnail","hentry","category-kultur-sanat"],"_links":{"self":[{"href":"https:\/\/busondakika.com.tr\/index.php?rest_route=\/wp\/v2\/posts\/3919","targetHints":{"allow":["GET"]}}],"collection":[{"href":"https:\/\/busondakika.com.tr\/index.php?rest_route=\/wp\/v2\/posts"}],"about":[{"href":"https:\/\/busondakika.com.tr\/index.php?rest_route=\/wp\/v2\/types\/post"}],"author":[{"embeddable":true,"href":"https:\/\/busondakika.com.tr\/index.php?rest_route=\/wp\/v2\/users\/1"}],"replies":[{"embeddable":true,"href":"https:\/\/busondakika.com.tr\/index.php?rest_route=%2Fwp%2Fv2%2Fcomments&post=3919"}],"version-history":[{"count":1,"href":"https:\/\/busondakika.com.tr\/index.php?rest_route=\/wp\/v2\/posts\/3919\/revisions"}],"predecessor-version":[{"id":3921,"href":"https:\/\/busondakika.com.tr\/index.php?rest_route=\/wp\/v2\/posts\/3919\/revisions\/3921"}],"wp:featuredmedia":[{"embeddable":true,"href":"https:\/\/busondakika.com.tr\/index.php?rest_route=\/wp\/v2\/media\/3920"}],"wp:attachment":[{"href":"https:\/\/busondakika.com.tr\/index.php?rest_route=%2Fwp%2Fv2%2Fmedia&parent=3919"}],"wp:term":[{"taxonomy":"category","embeddable":true,"href":"https:\/\/busondakika.com.tr\/index.php?rest_route=%2Fwp%2Fv2%2Fcategories&post=3919"},{"taxonomy":"post_tag","embeddable":true,"href":"https:\/\/busondakika.com.tr\/index.php?rest_route=%2Fwp%2Fv2%2Ftags&post=3919"}],"curies":[{"name":"wp","href":"https:\/\/api.w.org\/{rel}","templated":true}]}}