{"id":3922,"date":"2026-03-16T09:44:00","date_gmt":"2026-03-16T09:44:00","guid":{"rendered":"https:\/\/busondakika.com.tr\/?p=3922"},"modified":"2026-03-16T09:44:01","modified_gmt":"2026-03-16T09:44:01","slug":"kucukcekmece-ramazan-bayramina-hazir","status":"publish","type":"post","link":"https:\/\/busondakika.com.tr\/?p=3922","title":{"rendered":"K\u00fc\u00e7\u00fck\u00e7ekmece Ramazan Bayram\u0131\u2019na Haz\u0131r"},"content":{"rendered":"<p> K\u00fc\u00e7\u00fck\u00e7ekmece Belediyesi, yakla\u015fan Ramazan Bayram\u0131 \u00f6ncesi temizlikten, sosyal hizmetlere pek \u00e7ok alanda y\u00fcr\u00fctt\u00fc\u011f\u00fc \u00e7al\u0131\u015fmalarla il\u00e7eyi bayrama haz\u0131rl\u0131yor. Belediye ekipleri, vatanda\u015flar\u0131n bayram\u0131 daha temiz, sa\u011fl\u0131kl\u0131 ve huzurlu bir ortamda kar\u015f\u0131lamas\u0131 ve ihtiya\u00e7 sahibi yurtta\u015flar\u0131n yan\u0131nda olmak amac\u0131yla il\u00e7e genelinde \u00e7al\u0131\u015fmalar\u0131na h\u0131z kazand\u0131rd\u0131.<\/p>\n<p><b>Bayram \u0130\u00e7in \u0130l\u00e7e Genelinde Yo\u011fun Mesai<\/b><\/p>\n<p>Sosyal hizmetler kapsam\u0131nda \u00f6zellikle 65 ya\u015f \u00fcst\u00fc ve ihtiya\u00e7 sahibi vatanda\u015flara y\u00f6nelik evde bak\u0131m, k\u00fc\u00e7\u00fck \u00e7apl\u0131 tadilat ve tamirat hizmetleri ger\u00e7ekle\u015ftirilirken, bayrama haz\u0131rl\u0131k amac\u0131yla kuaf\u00f6rl\u00fck hizmeti de sunuluyor.<\/p>\n<p>Temizlik \u0130\u015fleri M\u00fcd\u00fcrl\u00fc\u011f\u00fc ekipleri ise sokak y\u0131kama \u00e7al\u0131\u015fmalar\u0131n\u0131 h\u0131zland\u0131rd\u0131. Bayram \u00f6ncesinde \u00e7\u00f6p konteynerleri \u00f6zel ekipmanlarla detayl\u0131 \u015fekilde temizlenirken, vatanda\u015flar\u0131n yo\u011fun olarak kulland\u0131\u011f\u0131 alanlarda temizlik \u00e7al\u0131\u015fmalar\u0131n\u0131 s\u0131kla\u015ft\u0131rd\u0131. Belediye ekipleri il\u00e7edeki mezarl\u0131klar \u00e7evresinde temizlik \u00e7al\u0131\u015fmalar\u0131na devam ederek, ziyarete haz\u0131r hale getiriyor. Camilerde de temizlik ve d\u00fczenleme \u00e7al\u0131\u015fmalar\u0131 s\u00fcr\u00fcyor.<\/p>\n<p>Zab\u0131ta M\u00fcd\u00fcrl\u00fc\u011f\u00fc ekipleri de il\u00e7e genelindeki i\u015fletmelerde fiyat ve hijyen denetimlerine devam ediyor. Bayram al\u0131\u015fveri\u015finin yo\u011funla\u015ft\u0131\u011f\u0131 bu g\u00fcnlerde vatanda\u015flar\u0131n ma\u011fdur edilmemesi i\u00e7in denetimler aral\u0131ks\u0131z s\u00fcr\u00fcyor.<\/p>\n<p><b>Ba\u015fkan \u00c7ebi\u2019den Bayram Mesaj\u0131<\/b><\/p>\n<p>K\u00fc\u00e7\u00fck\u00e7ekmece Belediye Ba\u015fkan\u0131 Kemal \u00c7ebi, \u201cBayramlar, dayan\u0131\u015fman\u0131n, payla\u015fman\u0131n simgesi ve g\u00f6n\u00fcllerin birle\u015fti\u011fi \u00e7ok \u00f6zel g\u00fcnlerimizdir. K\u00fc\u00e7\u00fck\u00e7ekmece\u2019de ya\u015fayan her bir vatanda\u015f\u0131m\u0131z\u0131n bayram\u0131 huzurlu bir \u015fekilde ya\u015famas\u0131 i\u00e7in ekiplerimizle sahaday\u0131z. \u00d6zellikle b\u00fcy\u00fcklerimizin ve ihtiya\u00e7 sahibi vatanda\u015flar\u0131m\u0131z\u0131n yan\u0131nda olmak bizim i\u00e7in en b\u00fcy\u00fck sorumluluk. T\u00fcm kom\u015fular\u0131m\u0131z\u0131n Ramazan Bayram\u0131\u2019n\u0131 \u015fimdiden kutluyor, sa\u011fl\u0131k, huzur ve t\u00fcm insanl\u0131\u011fa bar\u0131\u015f getirmesini temenni ediyorum\u201d diye konu\u015ftu.<\/p>\n<p>\u00a0<\/p>\n<p>Kaynak: (BYZHA) Beyaz Haber Ajans\u0131<\/p>\n","protected":false},"excerpt":{"rendered":"<p>K\u00fc\u00e7\u00fck\u00e7ekmece Belediyesi, yakla\u015fan Ramazan Bayram\u0131 \u00f6ncesi temizlikten, sosyal hizmetlere pek \u00e7ok alanda y\u00fcr\u00fctt\u00fc\u011f\u00fc \u00e7al\u0131\u015fmalarla il\u00e7eyi bayrama haz\u0131rl\u0131yor.<\/p>\n","protected":false},"author":1,"featured_media":3923,"comment_status":"open","ping_status":"open","sticky":false,"template":"","format":"standard","meta":{"footnotes":""},"categories":[20],"tags":[],"class_list":["post-3922","post","type-post","status-publish","format-standard","has-post-thumbnail","hentry","category-kultur-sanat"],"_links":{"self":[{"href":"https:\/\/busondakika.com.tr\/index.php?rest_route=\/wp\/v2\/posts\/3922","targetHints":{"allow":["GET"]}}],"collection":[{"href":"https:\/\/busondakika.com.tr\/index.php?rest_route=\/wp\/v2\/posts"}],"about":[{"href":"https:\/\/busondakika.com.tr\/index.php?rest_route=\/wp\/v2\/types\/post"}],"author":[{"embeddable":true,"href":"https:\/\/busondakika.com.tr\/index.php?rest_route=\/wp\/v2\/users\/1"}],"replies":[{"embeddable":true,"href":"https:\/\/busondakika.com.tr\/index.php?rest_route=%2Fwp%2Fv2%2Fcomments&post=3922"}],"version-history":[{"count":1,"href":"https:\/\/busondakika.com.tr\/index.php?rest_route=\/wp\/v2\/posts\/3922\/revisions"}],"predecessor-version":[{"id":3924,"href":"https:\/\/busondakika.com.tr\/index.php?rest_route=\/wp\/v2\/posts\/3922\/revisions\/3924"}],"wp:featuredmedia":[{"embeddable":true,"href":"https:\/\/busondakika.com.tr\/index.php?rest_route=\/wp\/v2\/media\/3923"}],"wp:attachment":[{"href":"https:\/\/busondakika.com.tr\/index.php?rest_route=%2Fwp%2Fv2%2Fmedia&parent=3922"}],"wp:term":[{"taxonomy":"category","embeddable":true,"href":"https:\/\/busondakika.com.tr\/index.php?rest_route=%2Fwp%2Fv2%2Fcategories&post=3922"},{"taxonomy":"post_tag","embeddable":true,"href":"https:\/\/busondakika.com.tr\/index.php?rest_route=%2Fwp%2Fv2%2Ftags&post=3922"}],"curies":[{"name":"wp","href":"https:\/\/api.w.org\/{rel}","templated":true}]}}