{"id":3925,"date":"2026-03-16T09:44:02","date_gmt":"2026-03-16T09:44:02","guid":{"rendered":"https:\/\/busondakika.com.tr\/?p=3925"},"modified":"2026-03-16T09:44:02","modified_gmt":"2026-03-16T09:44:02","slug":"niluferde-inceliklerin-sairi-gulten-akin-anildi","status":"publish","type":"post","link":"https:\/\/busondakika.com.tr\/?p=3925","title":{"rendered":"Nil\u00fcfer\u2019de \u201c\u0130nceliklerin \u015eairi\u201d G\u00fclten Ak\u0131n an\u0131ld\u0131"},"content":{"rendered":"<p> <b>Nil\u00fcfer Belediyesi, D\u00fcnya Kad\u0131nlar G\u00fcn\u00fc etkinlikleri kapsam\u0131nda, Nil\u00fcfer Kent Konseyi ve Koza Kad\u0131n Derne\u011fi i\u015f birli\u011fiyle usta \u015fair G\u00fclten Ak\u0131n i\u00e7in belgesel g\u00f6sterimi ve s\u00f6yle\u015fi d\u00fczenledi. Konak K\u00fclt\u00fcrevi\u2019nde ger\u00e7ekle\u015fen etkinlikte, \u015fairin hayat\u0131 ve sanat yolculu\u011fu edebiyatseverlerle payla\u015f\u0131ld\u0131.<\/b><\/p>\n<p>Nil\u00fcfer Belediyesi taraf\u0131ndan d\u00fczenlenen etkinlikte, T\u00fcrk \u015fiirinin \u00f6nemli isimlerinden \u201c\u0130nceliklerin \u015eairi\u201d G\u00fclten Ak\u0131n\u2019\u0131n edebi miras\u0131 ve ya\u015fam\u0131 ele al\u0131nd\u0131. Konak K\u00fclt\u00fcrevi\u2019nde d\u00fczenlenen etkinlik, \u00e7ok say\u0131da edebiyatseveri ve sivil toplum temsilcisini bir araya getirdi.<\/p>\n<p>Nil\u00fcfer Kent Konseyi ve Koza Kad\u0131n Derne\u011fi i\u015f birli\u011fiyle d\u00fczenlenen etkinlik, \u201cG\u00fclten\u201d isimli belgeselin g\u00f6sterimiyle ba\u015flad\u0131. G\u00f6sterimin ard\u0131ndan, \u015fairin ya\u015fam\u0131na ve edebiyat d\u00fcnyas\u0131na dair detaylar\u0131n konu\u015fuldu\u011fu bir s\u00f6yle\u015fi ger\u00e7ekle\u015ftirildi. Moderat\u00f6rl\u00fc\u011f\u00fcn\u00fc Zehra Bet\u00fcl Yaz\u0131c\u0131\u2019n\u0131n \u00fcstlendi\u011fi s\u00f6yle\u015fide, y\u00f6netmen Sefa Sar\u0131, G\u00fclten Ak\u0131n\u2019\u0131n sanat\u0131n\u0131 ve belgeselin yap\u0131m s\u00fcrecini anlatt\u0131.<\/p>\n<p>Kaynak: (BYZHA) Beyaz Haber Ajans\u0131<\/p>\n","protected":false},"excerpt":{"rendered":"<p>Nil\u00fcfer Belediyesi, D\u00fcnya Kad\u0131nlar G\u00fcn\u00fc etkinlikleri kapsam\u0131nda, Nil\u00fcfer Kent Konseyi ve Koza Kad\u0131n Derne\u011fi i\u015f birli\u011fiyle usta \u015fair G\u00fclten Ak\u0131n i\u00e7in belgesel g\u00f6sterimi ve s\u00f6yle\u015fi d\u00fczenledi.<\/p>\n","protected":false},"author":1,"featured_media":3926,"comment_status":"open","ping_status":"open","sticky":false,"template":"","format":"standard","meta":{"footnotes":""},"categories":[20],"tags":[],"class_list":["post-3925","post","type-post","status-publish","format-standard","has-post-thumbnail","hentry","category-kultur-sanat"],"_links":{"self":[{"href":"https:\/\/busondakika.com.tr\/index.php?rest_route=\/wp\/v2\/posts\/3925","targetHints":{"allow":["GET"]}}],"collection":[{"href":"https:\/\/busondakika.com.tr\/index.php?rest_route=\/wp\/v2\/posts"}],"about":[{"href":"https:\/\/busondakika.com.tr\/index.php?rest_route=\/wp\/v2\/types\/post"}],"author":[{"embeddable":true,"href":"https:\/\/busondakika.com.tr\/index.php?rest_route=\/wp\/v2\/users\/1"}],"replies":[{"embeddable":true,"href":"https:\/\/busondakika.com.tr\/index.php?rest_route=%2Fwp%2Fv2%2Fcomments&post=3925"}],"version-history":[{"count":1,"href":"https:\/\/busondakika.com.tr\/index.php?rest_route=\/wp\/v2\/posts\/3925\/revisions"}],"predecessor-version":[{"id":3927,"href":"https:\/\/busondakika.com.tr\/index.php?rest_route=\/wp\/v2\/posts\/3925\/revisions\/3927"}],"wp:featuredmedia":[{"embeddable":true,"href":"https:\/\/busondakika.com.tr\/index.php?rest_route=\/wp\/v2\/media\/3926"}],"wp:attachment":[{"href":"https:\/\/busondakika.com.tr\/index.php?rest_route=%2Fwp%2Fv2%2Fmedia&parent=3925"}],"wp:term":[{"taxonomy":"category","embeddable":true,"href":"https:\/\/busondakika.com.tr\/index.php?rest_route=%2Fwp%2Fv2%2Fcategories&post=3925"},{"taxonomy":"post_tag","embeddable":true,"href":"https:\/\/busondakika.com.tr\/index.php?rest_route=%2Fwp%2Fv2%2Ftags&post=3925"}],"curies":[{"name":"wp","href":"https:\/\/api.w.org\/{rel}","templated":true}]}}