{"id":3949,"date":"2026-03-16T09:52:14","date_gmt":"2026-03-16T09:52:14","guid":{"rendered":"https:\/\/busondakika.com.tr\/?p=3949"},"modified":"2026-03-16T09:52:15","modified_gmt":"2026-03-16T09:52:15","slug":"netflix-basrollerini-eda-ece-ve-kaan-yildirimin-paylastigi-sonunda-sen-filminin-fragmanini-yayinladi","status":"publish","type":"post","link":"https:\/\/busondakika.com.tr\/?p=3949","title":{"rendered":"Netflix, Ba\u015frollerini Eda Ece ve Kaan Y\u0131ld\u0131r\u0131m\u2019\u0131n Payla\u015ft\u0131\u011f\u0131 &#8216;Sonunda Sen&#8217; Filminin Fragman\u0131n\u0131 Yay\u0131nlad\u0131"},"content":{"rendered":"<p> Netflix, ba\u015frollerinde\u00a0Eda Ece\u00a0ve\u00a0Kaan Y\u0131ld\u0131r\u0131m\u2019\u0131n yer ald\u0131\u011f\u0131, Ege\u2019nin b\u00fcy\u00fcleyici kasabas\u0131 Urla\u2019da ge\u00e7en romantik filmi\u00a0Sonunda Sen\u2019in fragman\u0131n\u0131, filmden payla\u015f\u0131lan ilk g\u00f6rsellerle birlikte yay\u0131nlad\u0131. Yap\u0131mc\u0131l\u0131\u011f\u0131n\u0131\u00a0Saner Ayar\u00a0ve\u00a0Ay\u015fe E\u015fmeli Ayar\u2019\u0131n\u00a0\u00fcstlendi\u011fi, senaryosu\u00a0Melis Civelek\u00a0ve\u00a0Zeynep G\u00fcr\u00a0taraf\u0131ndan kaleme al\u0131nan filmin y\u00f6netmen koltu\u011funda ise\u00a0Do\u011fa Can Anafarta\u00a0oturuyor.\u00a0<\/p>\n<p dir=\"ltr\">Sevgililer G\u00fcn\u00fc\u2019n\u00fc yaln\u0131z ge\u00e7irmemeye kararl\u0131 olan Asl\u0131 i\u00e7in evrenin bamba\u015fka planlar\u0131 vard\u0131r. Planlar\u0131n\u0131 alt\u00fcst eden beklenmedik bir kar\u0131\u015f\u0131kl\u0131k, onu hi\u00e7 beklemedi\u011fi bir yolculu\u011fun e\u015fi\u011fine ta\u015f\u0131r. Asl\u0131, bu yolculukta hayat\u0131n\u0131n ak\u0131\u015f\u0131n\u0131 de\u011fi\u015ftirecek s\u00fcrprizlerle kar\u015f\u0131la\u015f\u0131rken, a\u015fk\u0131n en beklenmedik anda kap\u0131y\u0131 \u00e7alabilece\u011fini ke\u015ffeder.<\/p>\n<p dir=\"ltr\">Sonunda Sen, 27 Mart Cuma g\u00fcn\u00fc yaln\u0131zca Netflix\u2019te izleyici ile bulu\u015facak.<\/p>\n<p dir=\"ltr\">Sonunda Sen\u00a0Hakk\u0131nda:\u00a0<\/p>\n<p dir=\"ltr\">Asl\u0131, kariyerinde istedi\u011fi her \u015feyi ba\u015farm\u0131\u015f ama bir t\u00fcrl\u00fc \u201cdo\u011fru a\u015fk\u0131\u201d bulamam\u0131\u015ft\u0131r. 14 \u015eubat\u2019ta yaln\u0131z olmamaya kararl\u0131d\u0131r! Bu kez evrene dile\u011fini net g\u00f6nderir: \u201cBu Sevgililer G\u00fcn\u00fc\u2019nde bir sevgilim olacak.\u201d Ancak evrenin mizah anlay\u0131\u015f\u0131 fazlad\u0131r. Bir i\u015f seyahati, Urla\u2019da ya\u015fanan beklenmedik bir kar\u0131\u015f\u0131kl\u0131k Asl\u0131\u2019y\u0131 hi\u00e7 beklemedi\u011fi bir hik\u00e2yenin i\u00e7ine s\u00fcr\u00fckler. K\u0131r\u0131k kalpler, eski sevgililer, dost dedikodular\u0131 aras\u0131nda Asl\u0131, a\u015fk\u0131n \u201cmanifestle\u201d de\u011fil, cesaretle geldi\u011fini \u00f6\u011frenecektir. \u201cA\u015fk bazen do\u011fru ki\u015fiyle de\u011fil, do\u011fru zamanda gelendir.\u201d<\/p>\n<p dir=\"ltr\">\u00a0<\/p>\n<p>Kaynak: (BYZHA) Beyaz Haber Ajans\u0131<\/p>\n","protected":false},"excerpt":{"rendered":"<p>Netflix, ba\u015frollerinde\u00a0Eda Ece\u00a0ve\u00a0Kaan Y\u0131ld\u0131r\u0131m\u2019\u0131n yer ald\u0131\u011f\u0131, Ege\u2019nin b\u00fcy\u00fcleyici kasabas\u0131 Urla\u2019da ge\u00e7en romantik filmi\u00a0Sonunda Sen\u2019in fragman\u0131n\u0131, filmden payla\u015f\u0131lan ilk g\u00f6rsellerle birlikte yay\u0131nlad\u0131.<\/p>\n","protected":false},"author":1,"featured_media":3950,"comment_status":"open","ping_status":"open","sticky":false,"template":"","format":"standard","meta":{"footnotes":""},"categories":[20],"tags":[],"class_list":["post-3949","post","type-post","status-publish","format-standard","has-post-thumbnail","hentry","category-kultur-sanat"],"_links":{"self":[{"href":"https:\/\/busondakika.com.tr\/index.php?rest_route=\/wp\/v2\/posts\/3949","targetHints":{"allow":["GET"]}}],"collection":[{"href":"https:\/\/busondakika.com.tr\/index.php?rest_route=\/wp\/v2\/posts"}],"about":[{"href":"https:\/\/busondakika.com.tr\/index.php?rest_route=\/wp\/v2\/types\/post"}],"author":[{"embeddable":true,"href":"https:\/\/busondakika.com.tr\/index.php?rest_route=\/wp\/v2\/users\/1"}],"replies":[{"embeddable":true,"href":"https:\/\/busondakika.com.tr\/index.php?rest_route=%2Fwp%2Fv2%2Fcomments&post=3949"}],"version-history":[{"count":1,"href":"https:\/\/busondakika.com.tr\/index.php?rest_route=\/wp\/v2\/posts\/3949\/revisions"}],"predecessor-version":[{"id":3951,"href":"https:\/\/busondakika.com.tr\/index.php?rest_route=\/wp\/v2\/posts\/3949\/revisions\/3951"}],"wp:featuredmedia":[{"embeddable":true,"href":"https:\/\/busondakika.com.tr\/index.php?rest_route=\/wp\/v2\/media\/3950"}],"wp:attachment":[{"href":"https:\/\/busondakika.com.tr\/index.php?rest_route=%2Fwp%2Fv2%2Fmedia&parent=3949"}],"wp:term":[{"taxonomy":"category","embeddable":true,"href":"https:\/\/busondakika.com.tr\/index.php?rest_route=%2Fwp%2Fv2%2Fcategories&post=3949"},{"taxonomy":"post_tag","embeddable":true,"href":"https:\/\/busondakika.com.tr\/index.php?rest_route=%2Fwp%2Fv2%2Ftags&post=3949"}],"curies":[{"name":"wp","href":"https:\/\/api.w.org\/{rel}","templated":true}]}}