{"id":3952,"date":"2026-03-16T09:52:17","date_gmt":"2026-03-16T09:52:17","guid":{"rendered":"https:\/\/busondakika.com.tr\/?p=3952"},"modified":"2026-03-16T09:52:18","modified_gmt":"2026-03-16T09:52:18","slug":"bakirkoy-belediye-tiyatrolari-saglik-calisanlari-icin-sahneledi","status":"publish","type":"post","link":"https:\/\/busondakika.com.tr\/?p=3952","title":{"rendered":"Bak\u0131rk\u00f6y Belediye Tiyatrolar\u0131 Sa\u011fl\u0131k \u00c7al\u0131\u015fanlar\u0131 \u0130\u00e7in Sahneledi"},"content":{"rendered":"<p> Bak\u0131rk\u00f6y Belediye Tiyatrolar\u0131, 14 Mart T\u0131p Bayram\u0131 dolay\u0131s\u0131yla \u201c\u00c7irkin\u201d adl\u0131 tiyatro oyununu sa\u011fl\u0131k \u00e7al\u0131\u015fanlar\u0131 i\u00e7in \u00fccretsiz sahneledi. \u00d6zel g\u00f6sterim sa\u011fl\u0131k emek\u00e7ilerinden yo\u011fun ilgi g\u00f6rd\u00fc.<\/p>\n<p>Bak\u0131rk\u00f6y Belediye Tiyatrolar\u0131, 14 Mart T\u0131p Bayram\u0131 dolay\u0131s\u0131yla sa\u011fl\u0131k \u00e7al\u0131\u015fanlar\u0131na y\u00f6nelik \u00f6zel bir etkinlik d\u00fczenledi. Bu kapsamda \u201c\u00c7irkin\u201d adl\u0131 tiyatro oyunu sa\u011fl\u0131k \u00e7al\u0131\u015fanlar\u0131 i\u00e7in \u00fccretsiz olarak sahnelendi. Modern toplumda g\u00fczellik alg\u0131s\u0131n\u0131 ve bireyin d\u0131\u015f g\u00f6r\u00fcn\u00fc\u015f \u00fczerinden de\u011ferlendirilmesini ele alan oyun, izleyicilere d\u00fc\u015f\u00fcnd\u00fcr\u00fcc\u00fc bir hik\u00e2ye sundu. Sahne performanslar\u0131 ve g\u00fc\u00e7l\u00fc anlat\u0131m\u0131yla dikkat \u00e7eken \u201c\u00c7irkin\u201d, sa\u011fl\u0131k \u00e7al\u0131\u015fanlar\u0131na keyifli bir tiyatro ak\u015fam\u0131 ya\u015fatt\u0131. G\u00f6sterim sonras\u0131nda, kendisi de beyin cerrah\u0131 olan Bak\u0131rk\u00f6y Belediye Ba\u015fkan\u0131 Do\u00e7. Dr. Ay\u015feg\u00fcl Ay\u015feg\u00fcl Oval\u0131o\u011flu, sa\u011fl\u0131k emek\u00e7ilerinin 14 Mart T\u0131p Bayram\u0131\u2019n\u0131 kutlad\u0131.<\/p>\n<p>\u00a0<\/p>\n<p>Kaynak: (BYZHA) Beyaz Haber Ajans\u0131<\/p>\n","protected":false},"excerpt":{"rendered":"<p>Bak\u0131rk\u00f6y Belediye Tiyatrolar\u0131, 14 Mart T\u0131p Bayram\u0131 dolay\u0131s\u0131yla \u201c\u00c7irkin\u201d adl\u0131 tiyatro oyununu sa\u011fl\u0131k \u00e7al\u0131\u015fanlar\u0131 i\u00e7in \u00fccretsiz sahneledi.<\/p>\n","protected":false},"author":1,"featured_media":3953,"comment_status":"open","ping_status":"open","sticky":false,"template":"","format":"standard","meta":{"footnotes":""},"categories":[20],"tags":[],"class_list":["post-3952","post","type-post","status-publish","format-standard","has-post-thumbnail","hentry","category-kultur-sanat"],"_links":{"self":[{"href":"https:\/\/busondakika.com.tr\/index.php?rest_route=\/wp\/v2\/posts\/3952","targetHints":{"allow":["GET"]}}],"collection":[{"href":"https:\/\/busondakika.com.tr\/index.php?rest_route=\/wp\/v2\/posts"}],"about":[{"href":"https:\/\/busondakika.com.tr\/index.php?rest_route=\/wp\/v2\/types\/post"}],"author":[{"embeddable":true,"href":"https:\/\/busondakika.com.tr\/index.php?rest_route=\/wp\/v2\/users\/1"}],"replies":[{"embeddable":true,"href":"https:\/\/busondakika.com.tr\/index.php?rest_route=%2Fwp%2Fv2%2Fcomments&post=3952"}],"version-history":[{"count":1,"href":"https:\/\/busondakika.com.tr\/index.php?rest_route=\/wp\/v2\/posts\/3952\/revisions"}],"predecessor-version":[{"id":3954,"href":"https:\/\/busondakika.com.tr\/index.php?rest_route=\/wp\/v2\/posts\/3952\/revisions\/3954"}],"wp:featuredmedia":[{"embeddable":true,"href":"https:\/\/busondakika.com.tr\/index.php?rest_route=\/wp\/v2\/media\/3953"}],"wp:attachment":[{"href":"https:\/\/busondakika.com.tr\/index.php?rest_route=%2Fwp%2Fv2%2Fmedia&parent=3952"}],"wp:term":[{"taxonomy":"category","embeddable":true,"href":"https:\/\/busondakika.com.tr\/index.php?rest_route=%2Fwp%2Fv2%2Fcategories&post=3952"},{"taxonomy":"post_tag","embeddable":true,"href":"https:\/\/busondakika.com.tr\/index.php?rest_route=%2Fwp%2Fv2%2Ftags&post=3952"}],"curies":[{"name":"wp","href":"https:\/\/api.w.org\/{rel}","templated":true}]}}