{"id":3958,"date":"2026-03-16T09:58:05","date_gmt":"2026-03-16T09:58:05","guid":{"rendered":"https:\/\/busondakika.com.tr\/?p=3958"},"modified":"2026-03-16T09:58:06","modified_gmt":"2026-03-16T09:58:06","slug":"osmangazide-canakkale-ruhu-yureklere-islendi","status":"publish","type":"post","link":"https:\/\/busondakika.com.tr\/?p=3958","title":{"rendered":"Osmangazi\u2019de \u00c7anakkale Ruhu Y\u00fcreklere \u0130\u015flendi"},"content":{"rendered":"<p> <span style=\"font-size:12pt\"><span style=\",serif\"><span style=\",serif\">Osmangazi Belediyesi taraf\u0131ndan \u00c7anakkale Zaferi\u2019nin 111. y\u0131l d\u00f6n\u00fcm\u00fc dolay\u0131s\u0131yla haz\u0131rlanan \u201c\u00c7anakkale\u2019den Y\u00fckselen Nefes 1915\u201d adl\u0131 \u00f6zel etkinlikte, kahramanl\u0131k destan\u0131n\u0131n ruhu t\u00fcrk\u00fc ve anlat\u0131larla yeniden canland\u0131r\u0131ld\u0131. <\/span><\/span><\/span><\/p>\n<p><span style=\"font-size:12pt\"><span style=\",serif\"><span style=\",serif\">Osmangazi Belediyesi, milletimizin ba\u011f\u0131ms\u0131zl\u0131k m\u00fccadelesinin en \u00f6nemli d\u00f6n\u00fcm noktalar\u0131ndan biri olan \u00c7anakkale Zaferi\u2019nin 111. y\u0131l d\u00f6n\u00fcm\u00fcn\u00fc anlaml\u0131 bir programla and\u0131. Osmangazi G\u00f6steri Merkezi\u2019nde d\u00fczenlenen \u201c\u00c7anakkale\u2019den Y\u00fckselen Nefes 1915\u201d program\u0131, Osmangazili vatanda\u015flar\u0131n yo\u011fun kat\u0131l\u0131m\u0131yla ger\u00e7ekle\u015fti. Tarihe alt\u0131n harflerle yaz\u0131lan b\u00fcy\u00fck destan\u0131n hat\u0131rland\u0131\u011f\u0131 gece, izleyenlere hem gurur hem de duygu dolu anlar ya\u015fatt\u0131. <\/span><\/span><\/span><\/p>\n<p><span style=\"font-size:12pt\"><span style=\",serif\"><span style=\",serif\">Osmangazi Belediye Ba\u015fkan\u0131 Erkan Ayd\u0131n, e\u015fi Nadire Ayd\u0131n ile birlikte etkinlikte yer al\u0131rken, CHP Bursa \u0130l Ba\u015fkan\u0131 Nihat Ye\u015filta\u015f, Gemlik Belediye Ba\u015fkan\u0131 \u015e\u00fckr\u00fc Deviren ve CHP Osmangazi \u0130l\u00e7e Ba\u015fkan\u0131 Ra\u015fit G\u00fcrb\u00fcz de programa kat\u0131ld\u0131.<\/span><\/span><\/span><\/p>\n<p><span style=\"font-size:12pt\"><span style=\",serif\"><b><span style=\",serif\">Osmangazililer D\u00f6nemin Duygusunu Birlikte Ya\u015fad\u0131<\/span><\/b><\/span><\/span><\/p>\n<p><span style=\"font-size:12pt\"><span style=\",serif\"><span style=\",serif\">Protokol \u00fcyeleri ve \u00e7ok say\u0131da vatanda\u015f\u0131n kat\u0131l\u0131m\u0131yla ger\u00e7ekle\u015fen program, milli birlik ve beraberlik duygular\u0131n\u0131 g\u00fc\u00e7lendiren anlaml\u0131 anlara sahne oldu. Program kapsam\u0131nda sahne alan Osmangazi Belediyesi T\u00fcrk Halk M\u00fczi\u011fi Korosu, \u015fef Fatih \u015eeng\u00f6\u00e7men y\u00f6netiminde \u00c7anakkale ruhunu yans\u0131tan t\u00fcrk\u00fcleri seslendirdi. \u00c7anakkale destan\u0131na \u00f6zde\u015fle\u015fmi\u015f eserlerin yank\u0131land\u0131\u011f\u0131 gecede, salonda bulunan vatanda\u015flar t\u00fcrk\u00fclere e\u015flik ederek o d\u00f6nemin duygusunu birlikte ya\u015fad\u0131. \u00c7anakkale\u2019de verilen m\u00fccadelenin kahramanl\u0131\u011f\u0131na ve fedakarl\u0131\u011f\u0131na dair g\u00fc\u00e7l\u00fc bir anlat\u0131 sunan tiyatro sanat\u00e7\u0131s\u0131 Akif Oktay, izleyicileri adeta o g\u00fcnlere g\u00f6t\u00fcrd\u00fc. Milli ruhu ve vatan sevgisini g\u00fc\u00e7l\u00fc bir \u015fekilde yans\u0131tan anlat\u0131, salonda bulunan vatanda\u015flar taraf\u0131ndan b\u00fcy\u00fck be\u011feniyle izlendi.<\/span><\/span><\/span><\/p>\n<p><span style=\"font-size:12pt\"><span style=\",serif\"><b><span style=\",serif\">\u201cAtat\u00fcrk\u2019\u00fcn Kurdu\u011fu Vizyonu Akl\u0131m\u0131zdan \u00c7\u0131karmamam\u0131z Gerekiyor\u201d<\/span><\/b><\/span><\/span><\/p>\n<p><span style=\"font-size:12pt\"><span style=\",serif\"><span style=\",serif\">Programda eme\u011fi ge\u00e7en herkese te\u015fekk\u00fcr eden Osmangazi Belediye Ba\u015fkan\u0131 Erkan Ayd\u0131n, \u00c7anakkale Zaferi\u2019ne de\u011finerek \u015fu \u015fekilde konu\u015ftu:<\/span><\/span><\/span><\/p>\n<p><span style=\"font-size:12pt\"><span style=\",serif\"><span style=\",serif\">\u201cTarih tekerr\u00fcrden ibaret, bunu \u00e7ok iyi biliyoruz. 111 y\u0131l \u00f6nce B\u00fcy\u00fck \u00d6nder Mustafa Kemal Atat\u00fcrk ve silah arkada\u015flar\u0131, aziz \u015fehitlerimiz ve gazilerimiz sayesinde bug\u00fcn \u00f6zg\u00fcr ve ba\u011f\u0131ms\u0131z bir \u015fekilde bu etkinlikleri yapabiliyoruz. Onlar\u0131 bir kez daha sayg\u0131, minnet ve rahmetle an\u0131yorum. E\u011fer o g\u00fcn onlar canlar\u0131n\u0131 feda etmeselerdi, bizler bug\u00fcn burada olamazd\u0131k ve g\u00fcn\u00fcm\u00fcz \u015fartlar\u0131nda hemen dibimizde, kom\u015fumuzda neler ya\u015fand\u0131\u011f\u0131n\u0131 her ak\u015fam canl\u0131 canl\u0131 izliyoruz. 100 y\u0131l \u00f6nce B\u00fcy\u00fck \u00d6nder Atat\u00fcrk\u2019\u00fcn kurdu\u011fu vizyonu hi\u00e7bir zaman akl\u0131m\u0131zdan \u00e7\u0131karmamam\u0131z gerekiyor. Emekleriniz i\u00e7in te\u015fekk\u00fcr ediyorum.\u201d<\/span><\/span><\/span><\/p>\n<p><span style=\"font-size:12pt\"><span style=\",serif\"><b><span style=\",serif\">\u201cOsmangazi Belediyesi \u00d6nemli \u00c7al\u0131\u015fmalar Yap\u0131yor\u201d<\/span><\/b><\/span><\/span><\/p>\n<p><span style=\"font-size:12pt\"><span style=\",serif\"><span style=\",serif\">Tiyatro sanat\u00e7\u0131s\u0131 Akif Oktay ise bu anlaml\u0131 programdan dolay\u0131 Osmangazi Belediyesi\u2019ne te\u015fekk\u00fcr ederek, \u201cOsmangazi Belediyemiz, \u00c7anakkale Zaferi\u2019nin 111. y\u0131l\u0131nda o g\u00fcnlerin manevi atmosferini yeniden hat\u0131rlatmak i\u00e7in bizleri adeta Bursa\u2019dan \u00c7anakkale\u2019ye g\u00f6t\u00fcrmek istedi. Sa\u011f olsunlar, var olsunlar. Osmangazi Belediyesi gibi yo\u011fun g\u00f6\u00e7 alan ve n\u00fcfus olarak T\u00fcrkiye\u2019nin en b\u00fcy\u00fck \u015fehirleriyle yar\u0131\u015fan bir merkez il\u00e7ede ortak bir kent k\u00fclt\u00fcr\u00fc yaratman\u0131n en \u00f6nemli yolu k\u00fclt\u00fcr, sanat ve edebiyattan ge\u00e7iyor. Son iki y\u0131ld\u0131r g\u00f6r\u00fcyoruz ki Osmangazi Belediyesi bu alanda ger\u00e7ekten \u00f6nemli \u00e7al\u0131\u015fmalar yap\u0131yor. Bir Bursal\u0131 vatanda\u015f olarak s\u00f6yleyebilirim ki k\u00fclt\u00fcre, sanata ve edebiyata zaman ay\u0131ran, b\u00fct\u00e7e ay\u0131ran ve fikir \u00fcreten Osmangazi Belediye Ba\u015fkan\u0131m\u0131z Say\u0131n Erkan Ayd\u0131n\u2019a te\u015fekk\u00fcr ediyorum\u201d dedi.<\/span><\/span><\/span><\/p>\n<p><span style=\"font-size:12pt\"><span style=\",serif\"><span style=\",serif\">Osmangazi Belediye Ba\u015fkan\u0131 Erkan Ayd\u0131n, tiyatro sanat\u00e7\u0131s\u0131 Akif Oktay ve \u015fef Fatih \u015eeng\u00f6\u00e7men\u2019e katk\u0131lar\u0131ndan dolay\u0131 Ulu \u00d6nder Mustafa Kemal Atat\u00fcrk plaketi takdim etti. Protokol \u00fcyeleri daha sonra hep birlikte gecenin an\u0131s\u0131na hat\u0131ra karesinde yeniden bir araya gelerek, birlik ve beraberli\u011fi payla\u015ft\u0131. <\/span><\/span><\/span><\/p>\n<p>\u00a0<\/p>\n<p>Kaynak: (BYZHA) Beyaz Haber Ajans\u0131<\/p>\n","protected":false},"excerpt":{"rendered":"<p>Osmangazi Belediyesi taraf\u0131ndan \u00c7anakkale Zaferi\u2019nin 111.<\/p>\n","protected":false},"author":1,"featured_media":3959,"comment_status":"open","ping_status":"open","sticky":false,"template":"","format":"standard","meta":{"footnotes":""},"categories":[20],"tags":[],"class_list":["post-3958","post","type-post","status-publish","format-standard","has-post-thumbnail","hentry","category-kultur-sanat"],"_links":{"self":[{"href":"https:\/\/busondakika.com.tr\/index.php?rest_route=\/wp\/v2\/posts\/3958","targetHints":{"allow":["GET"]}}],"collection":[{"href":"https:\/\/busondakika.com.tr\/index.php?rest_route=\/wp\/v2\/posts"}],"about":[{"href":"https:\/\/busondakika.com.tr\/index.php?rest_route=\/wp\/v2\/types\/post"}],"author":[{"embeddable":true,"href":"https:\/\/busondakika.com.tr\/index.php?rest_route=\/wp\/v2\/users\/1"}],"replies":[{"embeddable":true,"href":"https:\/\/busondakika.com.tr\/index.php?rest_route=%2Fwp%2Fv2%2Fcomments&post=3958"}],"version-history":[{"count":1,"href":"https:\/\/busondakika.com.tr\/index.php?rest_route=\/wp\/v2\/posts\/3958\/revisions"}],"predecessor-version":[{"id":3960,"href":"https:\/\/busondakika.com.tr\/index.php?rest_route=\/wp\/v2\/posts\/3958\/revisions\/3960"}],"wp:featuredmedia":[{"embeddable":true,"href":"https:\/\/busondakika.com.tr\/index.php?rest_route=\/wp\/v2\/media\/3959"}],"wp:attachment":[{"href":"https:\/\/busondakika.com.tr\/index.php?rest_route=%2Fwp%2Fv2%2Fmedia&parent=3958"}],"wp:term":[{"taxonomy":"category","embeddable":true,"href":"https:\/\/busondakika.com.tr\/index.php?rest_route=%2Fwp%2Fv2%2Fcategories&post=3958"},{"taxonomy":"post_tag","embeddable":true,"href":"https:\/\/busondakika.com.tr\/index.php?rest_route=%2Fwp%2Fv2%2Ftags&post=3958"}],"curies":[{"name":"wp","href":"https:\/\/api.w.org\/{rel}","templated":true}]}}