{"id":3964,"date":"2026-03-16T10:08:14","date_gmt":"2026-03-16T10:08:14","guid":{"rendered":"https:\/\/busondakika.com.tr\/?p=3964"},"modified":"2026-03-16T10:08:15","modified_gmt":"2026-03-16T10:08:15","slug":"turkiyede-bir-ilk-olacak-kiralik-sosyal-konut-modeli","status":"publish","type":"post","link":"https:\/\/busondakika.com.tr\/?p=3964","title":{"rendered":"T\u00fcrkiye\u2019de bir ilk olacak Kiral\u0131k Sosyal Konut modeli"},"content":{"rendered":"<p> <b><i>\u00c7e\u015fme Belediyesinin T\u00fcrkiye\u2019de ilk olacak kiral\u0131k sosyal konut modeli Hanem \u00c7e\u015fme projesi, \u00c7e\u015fme Vizyon Ofisi\u2019nde \u0130zmir milletvekillerine sunuldu. Sunumun ard\u0131ndan proje alan\u0131nda saha incelemesi ger\u00e7ekle\u015ftirildi.<\/i><\/b><\/p>\n<p><b>\u00a0<\/b>\u00c7e\u015fme Belediyesi taraf\u0131ndan hayata ge\u00e7irilecek ve T\u00fcrkiye\u2019de ilk kez uygulanacak kiral\u0131k sosyal konut modeli Hanem \u00c7e\u015fme projesi, \u00c7e\u015fme Vizyon Ofisi\u2019nde d\u00fczenlenen toplant\u0131da \u0130zmir milletvekillerine anlat\u0131ld\u0131. \u00c7e\u015fme Belediye Ba\u015fkan\u0131 L\u00e2l Denizli\u2019nin ev sahipli\u011finde ger\u00e7ekle\u015ftirilen sunuma; Tuncay \u00d6zkan, Deniz Y\u00fccel, Murat Bakan, Y\u00fcksel Ta\u015fk\u0131n ve Ednan Arslan kat\u0131ld\u0131.<\/p>\n<p>Toplant\u0131da, T\u00fcrkiye\u2019de derinle\u015fen bar\u0131nma krizine yerel y\u00f6netimler \u00f6l\u00e7e\u011finde \u00e7\u00f6z\u00fcm \u00fcretmeyi hedefleyen Hanem \u00c7e\u015fme projesinin temel yakla\u015f\u0131m\u0131, uygulama modeli ve proje takvimi hakk\u0131nda kapsaml\u0131 bir bilgilendirme yap\u0131ld\u0131. Projenin konutu bir yat\u0131r\u0131m arac\u0131 de\u011fil temel bir insan hakk\u0131 olarak ele alan kamucu bir yakla\u015f\u0131ma dayand\u0131\u011f\u0131 vurguland\u0131.<\/p>\n<p>Sunumun ard\u0131ndan, projenin ment\u00f6r\u00fc olan Murat Karayal\u00e7\u0131n ve proje ekibi ile birlikte \u015eifne Mahallesi\u2019nde planlanan proje alan\u0131nda saha incelemesi ger\u00e7ekle\u015ftirildi.<\/p>\n<p>\u00c7e\u015fme Belediye Ba\u015fkan\u0131 L\u00e2l Denizli, toplant\u0131ya ili\u015fkin de\u011ferlendirmesinde T\u00fcrkiye\u2019de bir ilki hayata ge\u00e7irmeye haz\u0131rland\u0131klar\u0131n\u0131 belirterek \u015funlar\u0131 s\u00f6yledi:<\/p>\n<p>\u201cT\u00fcrkiye\u2019de bir ilki ger\u00e7ekle\u015ftirmenin heyecan\u0131yla temel atmaya g\u00fcn say\u0131yoruz. Hanem \u00c7e\u015fme ile bar\u0131nma hakk\u0131n\u0131 kamunun g\u00fcvencesi alt\u0131na alan, eri\u015filebilir ve nitelikli bir sosyal konut modelini \u00c7e\u015fme\u2019de hayata ge\u00e7iriyoruz. \u0130zmir milletvekillerimize projeye g\u00f6sterdikleri ilgi ve katk\u0131lar\u0131 i\u00e7in te\u015fekk\u00fcr ediyorum.\u201d<\/p>\n<p>Ba\u015fkan Denizli ayr\u0131ca projenin ment\u00f6r\u00fc Murat Karayal\u00e7\u0131n ba\u015fta olmak \u00fczere t\u00fcm proje ekibine \u00f6zverili \u00e7al\u0131\u015fmalar\u0131 i\u00e7in te\u015fekk\u00fcr etti.<\/p>\n<p>Yakla\u015f\u0131k 100 bin metrekarelik alanda 660 konutun planland\u0131\u011f\u0131 Hanem \u00c7e\u015fme projesinin, \u00f6\u011fretmenler, sa\u011fl\u0131k \u00e7al\u0131\u015fanlar\u0131, kamu personeli, \u00fccretli \u00e7al\u0131\u015fanlar ve gen\u00e7ler ba\u015fta olmak \u00fczere bar\u0131nma maliyetleri kar\u015f\u0131s\u0131nda zorlanan kesimler i\u00e7in eri\u015filebilir bir ya\u015fam modeli sunmas\u0131 hedefleniyor.<\/p>\n<p>\u00a0<\/p>\n<p>\u00a0<\/p>\n<p>Kaynak: (BYZHA) Beyaz Haber Ajans\u0131<\/p>\n","protected":false},"excerpt":{"rendered":"<p>\u00c7e\u015fme Belediyesinin T\u00fcrkiye\u2019de ilk olacak kiral\u0131k sosyal konut modeli Hanem \u00c7e\u015fme projesi, \u00c7e\u015fme Vizyon Ofisi\u2019nde \u0130zmir milletvekillerine sunuldu.<\/p>\n","protected":false},"author":1,"featured_media":3965,"comment_status":"open","ping_status":"open","sticky":false,"template":"","format":"standard","meta":{"footnotes":""},"categories":[21],"tags":[],"class_list":["post-3964","post","type-post","status-publish","format-standard","has-post-thumbnail","hentry","category-gundem"],"_links":{"self":[{"href":"https:\/\/busondakika.com.tr\/index.php?rest_route=\/wp\/v2\/posts\/3964","targetHints":{"allow":["GET"]}}],"collection":[{"href":"https:\/\/busondakika.com.tr\/index.php?rest_route=\/wp\/v2\/posts"}],"about":[{"href":"https:\/\/busondakika.com.tr\/index.php?rest_route=\/wp\/v2\/types\/post"}],"author":[{"embeddable":true,"href":"https:\/\/busondakika.com.tr\/index.php?rest_route=\/wp\/v2\/users\/1"}],"replies":[{"embeddable":true,"href":"https:\/\/busondakika.com.tr\/index.php?rest_route=%2Fwp%2Fv2%2Fcomments&post=3964"}],"version-history":[{"count":1,"href":"https:\/\/busondakika.com.tr\/index.php?rest_route=\/wp\/v2\/posts\/3964\/revisions"}],"predecessor-version":[{"id":3966,"href":"https:\/\/busondakika.com.tr\/index.php?rest_route=\/wp\/v2\/posts\/3964\/revisions\/3966"}],"wp:featuredmedia":[{"embeddable":true,"href":"https:\/\/busondakika.com.tr\/index.php?rest_route=\/wp\/v2\/media\/3965"}],"wp:attachment":[{"href":"https:\/\/busondakika.com.tr\/index.php?rest_route=%2Fwp%2Fv2%2Fmedia&parent=3964"}],"wp:term":[{"taxonomy":"category","embeddable":true,"href":"https:\/\/busondakika.com.tr\/index.php?rest_route=%2Fwp%2Fv2%2Fcategories&post=3964"},{"taxonomy":"post_tag","embeddable":true,"href":"https:\/\/busondakika.com.tr\/index.php?rest_route=%2Fwp%2Fv2%2Ftags&post=3964"}],"curies":[{"name":"wp","href":"https:\/\/api.w.org\/{rel}","templated":true}]}}