{"id":3982,"date":"2026-03-16T10:19:17","date_gmt":"2026-03-16T10:19:17","guid":{"rendered":"https:\/\/busondakika.com.tr\/?p=3982"},"modified":"2026-03-16T10:19:18","modified_gmt":"2026-03-16T10:19:18","slug":"maltepe-belediyesi-ogrencilerinden-genclerin-gozunden-gecilmez-destan-canakkale-gosterisi","status":"publish","type":"post","link":"https:\/\/busondakika.com.tr\/?p=3982","title":{"rendered":"Maltepe Belediyesi \u00f6\u011frencilerinden \u2018Gen\u00e7lerin G\u00f6z\u00fcnden Ge\u00e7ilmez Destan: \u00c7anakkale\u2019 g\u00f6sterisi"},"content":{"rendered":"<p> Maltepe Belediyesi\u2019nce 18 Mart\u00a0\u00c7anakkale Zaferi ve \u015eehitleri Anma G\u00fcn\u00fc\u2019n\u00fcn\u00a0 111. y\u0131l\u0131 dolay\u0131s\u0131yla Ya\u015far Kemal K\u00fclt\u00fcr Merkezi\u2019nde anma program\u0131 d\u00fczenlendi.\u00a0Cumhuriyet E\u011fitim Merkezi Liselere Ge\u00e7i\u015f Sistemi (LGS) Haz\u0131rl\u0131k Kursu \u00f6\u011frenci ve \u00f6\u011fretmenlerinin haz\u0131rlad\u0131\u011f\u0131 \u201cGen\u00e7lerin G\u00f6z\u00fcnden Ge\u00e7ilmez Destan: \u00c7anakkale\u201d isimli programda, \u00c7anakkale destan\u0131na gen\u00e7lerin anlat\u0131m\u0131yla\u00a0yer verildi.<\/p>\n<p><b>\u2018\u00c7ANAKKALE ZAFER\u0130, B\u0130ZE BUG\u00dcN DE YOL G\u00d6STER\u0130YOR\u2019\u00a0<\/b><\/p>\n<p>Program\u0131n a\u00e7\u0131l\u0131\u015f konu\u015fmas\u0131n\u0131 yapan Maltepe Belediye Ba\u015fkan\u0131 Mimar Esin K\u00f6ymen, \u201cGen\u00e7lerimizin haz\u0131rlad\u0131\u011f\u0131 bu program\u0131n de\u011feri buradan geliyor \u00e7\u00fcnk\u00fc tarih ancak yeni ku\u015faklar\u0131n onu anlamas\u0131 ve sahiplenmesiyle\u00a0 canl\u0131 kal\u0131r. Siz gen\u00e7ler yaln\u0131zca ge\u00e7mi\u015fi \u00f6\u011frenen de\u011fil o miras\u0131 gelece\u011fe ta\u015f\u0131yan ku\u015faklars\u0131n\u0131z. Sizlerin tarihine, de\u011ferlerine, cumhuriyetine\u00a0 sahip \u00e7\u0131kan bireyler olarak yeti\u015fmesi bizim en b\u00fcy\u00fck sorumlulu\u011fumuzdur.\u201d \u015feklinde konu\u015ftu.<\/p>\n<p><b>\u00c7ANAKKALE\u2019DEK\u0130 BA\u011eIMSIZLIK ATE\u015e\u0130, KURTULU\u015e SAVA\u015eI\u2019NIN YOLUNU AYDINLATTI<\/b><\/p>\n<p>\u00c7anakkale\u2019nin d\u00fcnyan\u0131n en g\u00fc\u00e7l\u00fc ordular\u0131na kar\u015f\u0131 imk\u00e2ns\u0131zl\u0131klar<b>\u00a0<\/b>i\u00e7inde verilen m\u00fccadele oldu\u011funu vurgulayan K\u00f6ymen \u201cBu destan\u0131 yazanlar yaln\u0131zca cephedeki askerler de\u011fildi. Anadolu\u2019nun d\u00f6rt bir yan\u0131ndan gelen gen\u00e7ler, \u00f6\u011frenciler, \u00f6\u011fretmenler, i\u015f\u00e7iler, \u00e7ift\u00e7iler k\u0131sacas\u0131 bir millet topyek\u00fbn<b>\u00a0<\/b>aya\u011fa kalkm\u0131\u015ft\u0131. Bu b\u00fcy\u00fck direni\u015fin en \u00f6nemli liderlerinden biri de hi\u00e7 ku\u015fkusuz Anafartalar\u2019daki\u00a0 tarihi yazan\u00a0 b\u00fcy\u00fck komutan\u0131 Mustafa Kemal Atat\u00fcrk\u2019t\u00fc. \u00c7anakkale\u2019de yak\u0131lan ba\u011f\u0131ms\u0131zl\u0131k ate\u015fi\u00a0 daha sonra Kurtulu\u015f Sava\u015f\u0131\u2019n\u0131n yolunu ayd\u0131nlatm\u0131\u015f ve\u00a0 Cumhuriyetimizin kurulu\u015funa\u00a0 giden kap\u0131y\u0131 aralam\u0131\u015ft\u0131r.\u201d ifadelerini kulland\u0131.<\/p>\n<p><b>\u2018\u00c7ANAKKALE, DAYANI\u015eMA VE FEDAK\u00c2RLIK ALANIYDI\u2019<\/b><\/p>\n<p>\u00a0\u00c7anakkale Zaferi\u2019ni insanl\u0131k tarihinin en g\u00fc\u00e7l\u00fc dayan\u0131\u015fma ve fedak\u00e2rl\u0131k alan\u0131 olarak g\u00f6rmek gerekti\u011fine i\u015faret eden K\u00f6ymen\u00a0 \u201cTarih ancak yeni ku\u015faklar\u0131n onu anlamas\u0131 ve sahiplenmesiyle\u00a0 canl\u0131 kal\u0131r. Siz gen\u00e7ler yaln\u0131zca ge\u00e7mi\u015fi \u00f6\u011frenen de\u011fil o miras\u0131 gelece\u011fe ta\u015f\u0131yan ku\u015faklars\u0131n\u0131z. Sizlerin tarihine, de\u011ferlerine, cumhuriyetine\u00a0 sahip \u00e7\u0131kan bireyler olarak yeti\u015fmesi bizim en b\u00fcy\u00fck sorumlulu\u011fumuzdur.\u201d diye konu\u015ftu.<\/p>\n<p><b>\u00d6\u011eRENC\u0130LER SAHNEYE \u00c7IKTI, M\u0130LL\u00ce<\/b>\u00a0<b>M\u00dcCADELEY\u0130 ANLATTI<\/b><\/p>\n<p>Programda \u00c7anakkale\u00a0 Sava\u015f\u0131\u2019n\u0131n anlatan \u015fiir yar\u0131\u015fmas\u0131nda birincilik \u00f6d\u00fcl\u00fcn\u00fc kazanan \u00f6\u011frenciye Ba\u015fkan Esin K\u00f6ymen taraf\u0131ndan ba\u015far\u0131 belgesi verildi. Y\u00fcksek \u00d6\u011fretim Kurumlar\u0131 S\u0131nav\u0131\u2019na (YKS) haz\u0131rlanan \u00f6\u011frencilerin bir araya geldi\u011fi YKS Tarih Kul\u00fcb\u00fc \u00f6\u011frencileri\u00a0 ise \u00c7anakkale Zaferi\u2019nin nas\u0131l kazan\u0131ld\u0131\u011f\u0131n\u0131 anlatan mektuplar\u0131, cephede \u00e7arp\u0131\u015fan\u00a0 askerlerin hat\u0131ralar\u0131n\u0131, Conk Bay\u0131r\u0131 Muharebesi\u2019nde Atat\u00fcrk&#8217;\u00fcn hayat\u0131n\u0131 kurtaran cep saatinin \u00f6yk\u00fcs\u00fcn\u00fc anlatt\u0131. Cumhuriyet Korosu ve \u00c7anakkale Kahramanlar\u0131 Oratoryosu ise b\u00fcy\u00fck m\u00fccadelenin ruhunu yans\u0131tan eserleri, \u00f6\u011frenciler ise \u00c7anakkale Destan\u0131 i\u00e7in yaz\u0131lan \u015fiirleri seslendirdi.<\/p>\n<p>\u00a0<\/p>\n<p>Kaynak: (BYZHA) Beyaz Haber Ajans\u0131<\/p>\n","protected":false},"excerpt":{"rendered":"<p>Maltepe Belediyesi\u2019nce 18 Mart\u00a0\u00c7anakkale Zaferi ve \u015eehitleri Anma G\u00fcn\u00fc\u2019n\u00fcn\u00a0 111.<\/p>\n","protected":false},"author":1,"featured_media":3983,"comment_status":"open","ping_status":"open","sticky":false,"template":"","format":"standard","meta":{"footnotes":""},"categories":[20],"tags":[],"class_list":["post-3982","post","type-post","status-publish","format-standard","has-post-thumbnail","hentry","category-kultur-sanat"],"_links":{"self":[{"href":"https:\/\/busondakika.com.tr\/index.php?rest_route=\/wp\/v2\/posts\/3982","targetHints":{"allow":["GET"]}}],"collection":[{"href":"https:\/\/busondakika.com.tr\/index.php?rest_route=\/wp\/v2\/posts"}],"about":[{"href":"https:\/\/busondakika.com.tr\/index.php?rest_route=\/wp\/v2\/types\/post"}],"author":[{"embeddable":true,"href":"https:\/\/busondakika.com.tr\/index.php?rest_route=\/wp\/v2\/users\/1"}],"replies":[{"embeddable":true,"href":"https:\/\/busondakika.com.tr\/index.php?rest_route=%2Fwp%2Fv2%2Fcomments&post=3982"}],"version-history":[{"count":1,"href":"https:\/\/busondakika.com.tr\/index.php?rest_route=\/wp\/v2\/posts\/3982\/revisions"}],"predecessor-version":[{"id":3984,"href":"https:\/\/busondakika.com.tr\/index.php?rest_route=\/wp\/v2\/posts\/3982\/revisions\/3984"}],"wp:featuredmedia":[{"embeddable":true,"href":"https:\/\/busondakika.com.tr\/index.php?rest_route=\/wp\/v2\/media\/3983"}],"wp:attachment":[{"href":"https:\/\/busondakika.com.tr\/index.php?rest_route=%2Fwp%2Fv2%2Fmedia&parent=3982"}],"wp:term":[{"taxonomy":"category","embeddable":true,"href":"https:\/\/busondakika.com.tr\/index.php?rest_route=%2Fwp%2Fv2%2Fcategories&post=3982"},{"taxonomy":"post_tag","embeddable":true,"href":"https:\/\/busondakika.com.tr\/index.php?rest_route=%2Fwp%2Fv2%2Ftags&post=3982"}],"curies":[{"name":"wp","href":"https:\/\/api.w.org\/{rel}","templated":true}]}}