{"id":4132,"date":"2026-03-17T08:01:19","date_gmt":"2026-03-17T08:01:19","guid":{"rendered":"https:\/\/busondakika.com.tr\/?p=4132"},"modified":"2026-03-17T08:01:20","modified_gmt":"2026-03-17T08:01:20","slug":"balcovada-kadir-gecesinde-dayanisma-sofrasi-kuruldu","status":"publish","type":"post","link":"https:\/\/busondakika.com.tr\/?p=4132","title":{"rendered":"Bal\u00e7ova\u2019da Kadir Gecesi\u2019nde Dayan\u0131\u015fma Sofras\u0131 Kuruldu"},"content":{"rendered":"<p> Bal\u00e7ova Belediyesi\u2019nin Kadir Gecesi\u2019nde d\u00fczenledi\u011fi iftar program\u0131nda y\u00fczlerce vatanda\u015f ayn\u0131 sofrada bulu\u015ftu. Belediye Ba\u015fkan\u0131 Onur Yi\u011fit, birlik ve dayan\u0131\u015fma vurgusu yaparken il\u00e7edeki camilerde vatanda\u015flara \u015ferbet ikram edildi.<\/p>\n<p>Bal\u00e7ova Belediyesi, Kadir Gecesi\u2019nde d\u00fczenledi\u011fi iftar program\u0131nda vatanda\u015flar\u0131 ayn\u0131 sofrada bulu\u015fturdu. Yo\u011fun kat\u0131l\u0131mla ger\u00e7ekle\u015fen programda, Ramazan ay\u0131n\u0131n payla\u015fma ve dayan\u0131\u015fma ruhu bir kez daha hissedildi.<\/p>\n<p>\u0130ftar program\u0131nda konu\u015fan Bal\u00e7ova Belediye Ba\u015fkan\u0131 Onur Yi\u011fit, Ramazan ay\u0131 boyunca kurulan sofralar\u0131n birlik ve beraberli\u011fi g\u00fc\u00e7lendirdi\u011fini belirterek, \u201cRamazan ay\u0131 boyunca bir\u00e7ok kez bir araya geldik, ayn\u0131 sofray\u0131 payla\u015ft\u0131k. Bug\u00fcn de birlikteyiz. Bu birlik, beraberlik, dayan\u0131\u015fma ve payla\u015fma duygusunun y\u0131llar boyunca devam etmesini diliyorum\u201d dedi.<\/p>\n<p>Ramazan ay\u0131n\u0131n son g\u00fcnlerine yakla\u015f\u0131ld\u0131\u011f\u0131n\u0131 hat\u0131rlatan Yi\u011fit, kalan g\u00fcnlerin sa\u011fl\u0131k, huzur ve bereket i\u00e7inde ge\u00e7mesini temenni ederek vatanda\u015flar\u0131n Kadir Gecesi\u2019ni ve yakla\u015fan Ramazan Bayram\u0131\u2019n\u0131 kutlad\u0131.<\/p>\n<p>Konu\u015fmas\u0131nda \u0130slam co\u011frafyas\u0131nda ya\u015fanan ac\u0131lara da de\u011finen Yi\u011fit, bu \u00f6zel gecede mazlum co\u011frafyalar i\u00e7in dua edilmesi gerekti\u011fini ifade etti.<\/p>\n<p>Belediye ba\u015fkanlar\u0131n\u0131n en \u00f6nemli sorumlulu\u011funun kamu kaynaklar\u0131n\u0131 do\u011fru ve adil \u015fekilde kullanmak oldu\u011funu vurgulayan Yi\u011fit, \u201cBir belediye ba\u015fkan\u0131n\u0131n en b\u00fcy\u00fck sorumlulu\u011fu, kendisine emanet edilen kaynaklar\u0131 adil, \u015feffaf ve do\u011fru \u015fekilde kullanmakt\u0131r. Bu milletin bir kuru\u015funu dahi israf ettirmemek i\u00e7in \u00e7al\u0131\u015fmaya devam edece\u011fim\u201d diye konu\u015ftu.<\/p>\n<p>Program kapsam\u0131nda Bal\u00e7ova genelindeki camilerde vatanda\u015flara \u015ferbet ikram edildi. Ba\u015fkan Yi\u011fit de camilerde vatanda\u015flara \u015ferbet da\u011f\u0131tarak hem Kadir Gecesi\u2019ni hem de yakla\u015fan Ramazan Bayram\u0131\u2019n\u0131 kutlad\u0131.<\/p>\n<p>Bal\u00e7ova Belediyesi yetkilileri, Ramazan ay\u0131 boyunca kurulan iftar sofralar\u0131n\u0131n ve dayan\u0131\u015fma etkinliklerinin \u00f6n\u00fcm\u00fczdeki d\u00f6nemlerde de devam edece\u011fini\u00a0<\/p>\n<p>\u00a0<\/p>\n<p>\u00a0<\/p>\n<p>Kaynak: (BYZHA) Beyaz Haber Ajans\u0131<\/p>\n","protected":false},"excerpt":{"rendered":"<p>Bal\u00e7ova Belediyesi\u2019nin Kadir Gecesi\u2019nde d\u00fczenledi\u011fi iftar program\u0131nda y\u00fczlerce vatanda\u015f ayn\u0131 sofrada bulu\u015ftu.<\/p>\n","protected":false},"author":1,"featured_media":4133,"comment_status":"open","ping_status":"open","sticky":false,"template":"","format":"standard","meta":{"footnotes":""},"categories":[21],"tags":[],"class_list":["post-4132","post","type-post","status-publish","format-standard","has-post-thumbnail","hentry","category-gundem"],"_links":{"self":[{"href":"https:\/\/busondakika.com.tr\/index.php?rest_route=\/wp\/v2\/posts\/4132","targetHints":{"allow":["GET"]}}],"collection":[{"href":"https:\/\/busondakika.com.tr\/index.php?rest_route=\/wp\/v2\/posts"}],"about":[{"href":"https:\/\/busondakika.com.tr\/index.php?rest_route=\/wp\/v2\/types\/post"}],"author":[{"embeddable":true,"href":"https:\/\/busondakika.com.tr\/index.php?rest_route=\/wp\/v2\/users\/1"}],"replies":[{"embeddable":true,"href":"https:\/\/busondakika.com.tr\/index.php?rest_route=%2Fwp%2Fv2%2Fcomments&post=4132"}],"version-history":[{"count":1,"href":"https:\/\/busondakika.com.tr\/index.php?rest_route=\/wp\/v2\/posts\/4132\/revisions"}],"predecessor-version":[{"id":4134,"href":"https:\/\/busondakika.com.tr\/index.php?rest_route=\/wp\/v2\/posts\/4132\/revisions\/4134"}],"wp:featuredmedia":[{"embeddable":true,"href":"https:\/\/busondakika.com.tr\/index.php?rest_route=\/wp\/v2\/media\/4133"}],"wp:attachment":[{"href":"https:\/\/busondakika.com.tr\/index.php?rest_route=%2Fwp%2Fv2%2Fmedia&parent=4132"}],"wp:term":[{"taxonomy":"category","embeddable":true,"href":"https:\/\/busondakika.com.tr\/index.php?rest_route=%2Fwp%2Fv2%2Fcategories&post=4132"},{"taxonomy":"post_tag","embeddable":true,"href":"https:\/\/busondakika.com.tr\/index.php?rest_route=%2Fwp%2Fv2%2Ftags&post=4132"}],"curies":[{"name":"wp","href":"https:\/\/api.w.org\/{rel}","templated":true}]}}