{"id":4159,"date":"2026-03-17T08:27:55","date_gmt":"2026-03-17T08:27:55","guid":{"rendered":"https:\/\/busondakika.com.tr\/?p=4159"},"modified":"2026-03-17T08:27:56","modified_gmt":"2026-03-17T08:27:56","slug":"guzel-sanatlar-akademisi-ogrencisinden-donusum-bir-butunun-icinde-bir-olmak-sergisi","status":"publish","type":"post","link":"https:\/\/busondakika.com.tr\/?p=4159","title":{"rendered":"G\u00fczel Sanatlar Akademisi \u00d6\u011frencisi\u2019nden \u2018D\u00f6n\u00fc\u015f\u00fcm: Bir B\u00fct\u00fcn\u00fcn \u0130\u00e7inde Bir Olmak\u2019 Sergisi"},"content":{"rendered":"<p> K\u00fc\u00e7\u00fck\u00e7ekmece Belediyesi G\u00fczel Sanatlar Akademisi \u00f6\u011frencisi Emel Tamer\u2019in \u00e7al\u0131\u015fmalar\u0131ndan olu\u015fan \u2018D\u00f6n\u00fc\u015f\u00fcm: Bir B\u00fct\u00fcn\u00fcn \u0130\u00e7inde Bir Olmak\u2019 adl\u0131 sergi,\u00a0G\u00fczel Sanatlar Akademisi Performans Galerisi&#8217;nde sanatseverlerle bulu\u015ftu.<\/p>\n<p>Ana malzemesi kombucha SCOBY (simbiyotik bakteri ve maya kolonisi)\u2019nden olu\u015fan serginin a\u00e7\u0131l\u0131\u015f\u0131na K\u00fc\u00e7\u00fck\u00e7ekmece Belediyesi K\u00fclt\u00fcr, Sanat ve Sosyal \u0130\u015fler M\u00fcd\u00fcr\u00fc Deniz G\u00fcrbey ve \u00e7ok say\u0131da sanatsever kat\u0131ld\u0131.<\/p>\n<p><b>28 Mart\u2019a kadar ziyaret edilebilir<\/b><\/p>\n<p>\u2018K\u00fc\u00e7\u00fck\u00e7ekmece\u2019de Kad\u0131n \u0130zi\u2019 yakla\u015f\u0131m\u0131yla kad\u0131nlar\u0131n \u00fcreten ve d\u00f6n\u00fc\u015ft\u00fcren g\u00fcc\u00fcne vurgu yapan sergide; sanat\u00e7\u0131 fermente bir \u00e7ay olan kombuchay\u0131 kolaj ve heykel \u00e7al\u0131\u015fmalar\u0131nda kullanarak d\u00f6n\u00fc\u015f\u00fcm, s\u00fcrd\u00fcr\u00fclebilirlik ve \u00fcretim kavramlar\u0131n\u0131 oda\u011fa alm\u0131\u015f. Organik yap\u0131s\u0131 ve at\u0131ks\u0131z \u00fcretim s\u00fcreciyle dikkat \u00e7eken bu malzeme, sergide hem biyolojik hem de kavramsal bir d\u00f6n\u00fc\u015f\u00fcm metaforu olarak ortaya \u00e7\u0131k\u0131yor.<\/p>\n<p>D\u00f6n\u00fc\u015f\u00fcm\u00fcn ka\u00e7\u0131n\u0131lmaz de\u011fil, ayn\u0131 zamanda m\u00fcmk\u00fcn ve \u00fcretken bir s\u00fcre\u00e7 oldu\u011funu g\u00f6r\u00fcn\u00fcr k\u0131lan sergi, 28 Mart tarihine kadar GSA Perfomans Galerisi\u2019nde sanatseverler i\u00e7in ziyarete a\u00e7\u0131k olacak.<\/p>\n<p>\u00a0<\/p>\n<p>Kaynak: (BYZHA) Beyaz Haber Ajans\u0131<\/p>\n","protected":false},"excerpt":{"rendered":"<p>K\u00fc\u00e7\u00fck\u00e7ekmece Belediyesi G\u00fczel Sanatlar Akademisi \u00f6\u011frencisi Emel Tamer\u2019in \u00e7al\u0131\u015fmalar\u0131ndan olu\u015fan \u2018D\u00f6n\u00fc\u015f\u00fcm: Bir B\u00fct\u00fcn\u00fcn \u0130\u00e7inde Bir Olmak\u2019 adl\u0131 sergi,\u00a0G\u00fczel Sanatlar Akademisi Performans Galerisi&#8217;nde sanatseverlerle bulu\u015ftu.<\/p>\n","protected":false},"author":1,"featured_media":4160,"comment_status":"open","ping_status":"open","sticky":false,"template":"","format":"standard","meta":{"footnotes":""},"categories":[20],"tags":[],"class_list":["post-4159","post","type-post","status-publish","format-standard","has-post-thumbnail","hentry","category-kultur-sanat"],"_links":{"self":[{"href":"https:\/\/busondakika.com.tr\/index.php?rest_route=\/wp\/v2\/posts\/4159","targetHints":{"allow":["GET"]}}],"collection":[{"href":"https:\/\/busondakika.com.tr\/index.php?rest_route=\/wp\/v2\/posts"}],"about":[{"href":"https:\/\/busondakika.com.tr\/index.php?rest_route=\/wp\/v2\/types\/post"}],"author":[{"embeddable":true,"href":"https:\/\/busondakika.com.tr\/index.php?rest_route=\/wp\/v2\/users\/1"}],"replies":[{"embeddable":true,"href":"https:\/\/busondakika.com.tr\/index.php?rest_route=%2Fwp%2Fv2%2Fcomments&post=4159"}],"version-history":[{"count":1,"href":"https:\/\/busondakika.com.tr\/index.php?rest_route=\/wp\/v2\/posts\/4159\/revisions"}],"predecessor-version":[{"id":4161,"href":"https:\/\/busondakika.com.tr\/index.php?rest_route=\/wp\/v2\/posts\/4159\/revisions\/4161"}],"wp:featuredmedia":[{"embeddable":true,"href":"https:\/\/busondakika.com.tr\/index.php?rest_route=\/wp\/v2\/media\/4160"}],"wp:attachment":[{"href":"https:\/\/busondakika.com.tr\/index.php?rest_route=%2Fwp%2Fv2%2Fmedia&parent=4159"}],"wp:term":[{"taxonomy":"category","embeddable":true,"href":"https:\/\/busondakika.com.tr\/index.php?rest_route=%2Fwp%2Fv2%2Fcategories&post=4159"},{"taxonomy":"post_tag","embeddable":true,"href":"https:\/\/busondakika.com.tr\/index.php?rest_route=%2Fwp%2Fv2%2Ftags&post=4159"}],"curies":[{"name":"wp","href":"https:\/\/api.w.org\/{rel}","templated":true}]}}