{"id":4162,"date":"2026-03-17T08:27:57","date_gmt":"2026-03-17T08:27:57","guid":{"rendered":"https:\/\/busondakika.com.tr\/?p=4162"},"modified":"2026-03-17T08:27:58","modified_gmt":"2026-03-17T08:27:58","slug":"canikte-binler-kadir-gecesinde-ellerini-semaya-acti","status":"publish","type":"post","link":"https:\/\/busondakika.com.tr\/?p=4162","title":{"rendered":"Canik&#8217;te Binler Kadir Gecesi&#8217;nde Ellerini Semaya A\u00e7t\u0131"},"content":{"rendered":"\n<p style=\"text-align:justify;margin-bottom:11px\"><span style=\"font-size:11pt\"><span style=\"line-height:107%\"><span style=\"font-family:Calibri,sans-serif\"><span style=\"font-size:12.0pt\"><span style=\"line-height:107%\">Canik Belediyesi&#8217;nin il\u00e7ede ger\u00e7ekle\u015ftirdi\u011fi Kadir Gecesi \u00d6zel Program\u0131&#8217;nda bir araya gelen binlerce vatanda\u015f, Kadir Gecesi&#8217;ni dualarla idrak etti. Gaziosmanpa\u015fa Mahallesi Merkez Cami&#8217;nde d\u00fczenlenen programda Kuran-\u0131 Kerim&#8217;i G\u00fczel G\u00fczel Okuma Yar\u0131\u015fmas\u0131 T\u00fcrkiye Birincisi Salih Aky\u00fcz ve \u0130stanbul Sultangazi Sultan\u00e7iftli\u011fi Merkez Cami \u0130mam Hatibi Davut \u00d6nal, ger\u00e7ekle\u015ftirdi\u011fi Kuran-\u0131 Kerim tilavetiyle g\u00f6n\u00fclleri mest etti. \u0130lahi ve kasidelerin seslendirildi\u011fi, ilginin yo\u011fun oldu\u011fu programda vatanda\u015flarla bir araya gelen Canik Belediye Ba\u015fkan\u0131 \u0130brahim Sand\u0131k\u00e7\u0131, vatanda\u015flar\u0131n Kadir Gecesi&#8217;ni tebrik etti.<\/span><\/span><\/span><\/span><\/span><\/p>\n<p style=\"margin-bottom:11px\"><span style=\"font-size:11pt\"><span style=\"line-height:107%\"><span style=\"font-family:Calibri,sans-serif\"><b><span style=\"font-size:14.0pt\"><span style=\"line-height:107%\">Dualarla \u0130drak Edildi <\/span><\/span><\/b><\/span><\/span><\/span><\/p>\n<p style=\"text-align:justify;margin-bottom:11px\"><span style=\"font-size:11pt\"><span style=\"line-height:107%\"><span style=\"font-family:Calibri,sans-serif\"><span style=\"font-size:12.0pt\"><span style=\"line-height:107%\">Kadir Gecesi&#8217;nin hay\u0131rlara vesile olmas\u0131n\u0131 temenni eden ve il\u00e7e sakinleriyle Ramazan ay\u0131n\u0131n huzur ve sevincini payla\u015fmaya devam ettiklerini aktaran Ba\u015fkan \u0130brahim Sand\u0131k\u00e7\u0131, &#8220;Canik&#8217;imizde tertip etti\u011fimiz Kadir Gecesi \u00d6zel Program\u0131m\u0131zda k\u0131ymetli hem\u015fehrilerimizle bulu\u015ftuk. M\u00fcbarek Kadir Gecesi&#8217;ne yeniden kavu\u015fman\u0131n ve Ramazan Bayram\u0131&#8217;na yakla\u015fman\u0131n sevincini payla\u015ft\u0131k. Hem\u015fehrilerimizle birlikte bin aydan daha hay\u0131rl\u0131 olan Kadir Gecesi&#8217;ni dualarla idrak ettik. Kadir Gecesi&#8217;nin \u00fclkemize, milletimize ve t\u00fcm \u0130slam \u00e2lemine hay\u0131rlar getirmesini temenni ediyorum. Rabbim birli\u011fimizi ve beraberli\u011fimizi daim eylesin. Kadir Gecemiz m\u00fcbarek olsun&#8221; diye konu\u015ftu. <\/span><\/span><\/span><\/span><\/span><\/p>\n<p style=\"margin-bottom:11px\"><span style=\"font-size:11pt\"><span style=\"line-height:107%\"><span style=\"font-family:Calibri,sans-serif\"><span style=\"font-size:12.0pt\"><span style=\"line-height:107%\">Canik Belediyesi ve Canik \u0130l\u00e7e M\u00fcft\u00fcl\u00fc\u011f\u00fc i\u015f birli\u011fiyle d\u00fczenlenen programa Canik Kaymakam\u0131 \u015eeref Ayd\u0131n, AK Parti Canik \u0130l\u00e7e Ba\u015fkan\u0131 Muhammed Emin Duran ve Canik \u0130l\u00e7e M\u00fcft\u00fcs\u00fc Bayram Karar da kat\u0131ld\u0131. Canik Belediyesi ayr\u0131ca il\u00e7edeki camilerde teravih namaz\u0131 sonras\u0131 vatanda\u015flara ikramlarda bulundu.<\/span><\/span><\/span><\/span><\/span><\/p>\n<p style=\"text-align:justify;margin-bottom:11px\">\u00a0<\/p>\n<p>Kaynak: (BYZHA) Beyaz Haber Ajans\u0131<\/p>\n","protected":false},"excerpt":{"rendered":"<p>Canik Belediyesi&#8217;nin il\u00e7ede ger\u00e7ekle\u015ftirdi\u011fi Kadir Gecesi \u00d6zel Program\u0131&#8217;nda bir araya gelen binlerce vatanda\u015f, Kadir Gecesi&#8217;ni dualarla idrak etti.<\/p>\n","protected":false},"author":1,"featured_media":4163,"comment_status":"open","ping_status":"open","sticky":false,"template":"","format":"standard","meta":{"footnotes":""},"categories":[20],"tags":[],"class_list":["post-4162","post","type-post","status-publish","format-standard","has-post-thumbnail","hentry","category-kultur-sanat"],"_links":{"self":[{"href":"https:\/\/busondakika.com.tr\/index.php?rest_route=\/wp\/v2\/posts\/4162","targetHints":{"allow":["GET"]}}],"collection":[{"href":"https:\/\/busondakika.com.tr\/index.php?rest_route=\/wp\/v2\/posts"}],"about":[{"href":"https:\/\/busondakika.com.tr\/index.php?rest_route=\/wp\/v2\/types\/post"}],"author":[{"embeddable":true,"href":"https:\/\/busondakika.com.tr\/index.php?rest_route=\/wp\/v2\/users\/1"}],"replies":[{"embeddable":true,"href":"https:\/\/busondakika.com.tr\/index.php?rest_route=%2Fwp%2Fv2%2Fcomments&post=4162"}],"version-history":[{"count":1,"href":"https:\/\/busondakika.com.tr\/index.php?rest_route=\/wp\/v2\/posts\/4162\/revisions"}],"predecessor-version":[{"id":4164,"href":"https:\/\/busondakika.com.tr\/index.php?rest_route=\/wp\/v2\/posts\/4162\/revisions\/4164"}],"wp:featuredmedia":[{"embeddable":true,"href":"https:\/\/busondakika.com.tr\/index.php?rest_route=\/wp\/v2\/media\/4163"}],"wp:attachment":[{"href":"https:\/\/busondakika.com.tr\/index.php?rest_route=%2Fwp%2Fv2%2Fmedia&parent=4162"}],"wp:term":[{"taxonomy":"category","embeddable":true,"href":"https:\/\/busondakika.com.tr\/index.php?rest_route=%2Fwp%2Fv2%2Fcategories&post=4162"},{"taxonomy":"post_tag","embeddable":true,"href":"https:\/\/busondakika.com.tr\/index.php?rest_route=%2Fwp%2Fv2%2Ftags&post=4162"}],"curies":[{"name":"wp","href":"https:\/\/api.w.org\/{rel}","templated":true}]}}