{"id":4171,"date":"2026-03-17T08:37:50","date_gmt":"2026-03-17T08:37:50","guid":{"rendered":"https:\/\/busondakika.com.tr\/?p=4171"},"modified":"2026-03-17T08:37:51","modified_gmt":"2026-03-17T08:37:51","slug":"gurer-aykalin-zafer-konseri-esliginde-gorkemli-bir-donusum-grand-hyatt-izmir-istinyepark","status":"publish","type":"post","link":"https:\/\/busondakika.com.tr\/?p=4171","title":{"rendered":"G\u00fcrer Aykal\u2019\u0131n Zafer Konseri E\u015fli\u011finde G\u00f6rkemli Bir D\u00f6n\u00fc\u015f\u00fcm: Grand Hyatt \u0130zmir \u0130stinyePark"},"content":{"rendered":"<p> \u0130zmir\u2019de daha \u00f6nce Hyatt Regency markas\u0131yla hizmet veren otel, Grand Hyatt segmentine y\u00fckselerek yeni marka kimli\u011fiyle yeniden konumland\u0131. Yenilenen otel ve Grand Hyatt \u0130zmir \u0130stinyePark olarak de\u011fi\u015ftirilen yeni ismi ile birlikte yeni marka kimli\u011fi \u015f\u0131k bir davetle tan\u0131t\u0131ld\u0131.<\/p>\n<p>Davet, Grand Hyatt \u0130zmir \u0130stinyePark Genel M\u00fcd\u00fcr\u00fc Zafer Canbaz, Orjin Grup Y\u00f6netim Kurulu E\u015f Ba\u015fkan\u0131 Zafer Y\u0131ld\u0131r\u0131m ve e\u015fi Zerrin Y\u0131ld\u0131r\u0131m ev sahipli\u011finde ger\u00e7ekle\u015fti. Davete; NATO M\u00fcttefik Kara Komutanl\u0131\u011f\u0131 Kurmay Ba\u015fkan\u0131 Korgeneral Muammer Alper ve e\u015fi Ru\u015fen \u015eafak Alper, Almanya Federal Cumhuriyeti \u0130zmir Ba\u015fkonsolosu Ralf Schr\u00f6er ve e\u015fi Alexandra Schr\u00f6er, ESBA\u015e CEO\u2019su Faruk G\u00fcler, Aida Tours Kurucusu Adviye Bergemann gibi i\u015f, diplomasi ve cemiyet hayat\u0131ndan isimler kat\u0131ld\u0131.<\/p>\n<p>Devlet Sanat\u00e7\u0131s\u0131 \u015eef G\u00fcrer Aykal y\u00f6netimindeki \u0130zmir Filarmoni Orkestras\u0131\u2019n\u0131n Zafer Konseri\u2019nin e\u015flik etti\u011fi konser, davetlilere keyifli dakikalar ya\u015fatt\u0131.<\/p>\n<p><strong>\u015eehir deneyimini yeniden tan\u0131mlamak isteyenler i\u00e7in bir ka\u00e7\u0131\u015f noktas\u0131<\/strong><\/p>\n<p>Daha \u00f6nce Hyatt Regency markas\u0131yla \u0130zmir\u2019in konaklama ve misafirperverlik alg\u0131s\u0131na yeni bir vizyon kazand\u0131ran Grand Hyatt \u0130zmir \u0130stinyePark, Grand Hyatt anlay\u0131\u015f\u0131yla yeniden tasarlanan bir\u00e7ok ortak alan\u0131 ile misafirlerine l\u00fcks konaklama deneyimi sunuyor. Yeni avlusu, \u0130stinyePark \u0130zmir al\u0131\u015fveri\u015f merkezine kolay eri\u015fim sa\u011flayan, yeniden tasarlanan lobisi, yeni restoran FARO7 ve k\u0131sa s\u00fcre i\u00e7inde a\u00e7\u0131lacak \u00f6zel Grand Club\u2019\u0131 ile otel, \u0130zmir\u2019in konaklama deneyimini \u00fcst s\u0131ralara \u00e7\u0131kar\u0131yor. Modern tasar\u0131m\u0131, geni\u015f SPA alan\u0131 ve gastronomik deneyimleriyle Grand Hyatt \u0130zmir \u0130stinyePark, \u015fehir deneyimini \u00e7ok daha ayr\u0131cal\u0131kl\u0131 ya\u015famak isteyenler i\u00e7in bir ka\u00e7\u0131\u015f noktas\u0131 oluyor.\u00a0<\/p>\n<p>\u00a0<\/p>\n<p>Kaynak: (BYZHA) Beyaz Haber Ajans\u0131<\/p>\n","protected":false},"excerpt":{"rendered":"<p>\u0130zmir\u2019de daha \u00f6nce Hyatt Regency markas\u0131yla hizmet veren otel, Grand Hyatt segmentine y\u00fckselerek yeni marka kimli\u011fiyle yeniden konumland\u0131.<\/p>\n","protected":false},"author":1,"featured_media":4172,"comment_status":"open","ping_status":"open","sticky":false,"template":"","format":"standard","meta":{"footnotes":""},"categories":[20],"tags":[],"class_list":["post-4171","post","type-post","status-publish","format-standard","has-post-thumbnail","hentry","category-kultur-sanat"],"_links":{"self":[{"href":"https:\/\/busondakika.com.tr\/index.php?rest_route=\/wp\/v2\/posts\/4171","targetHints":{"allow":["GET"]}}],"collection":[{"href":"https:\/\/busondakika.com.tr\/index.php?rest_route=\/wp\/v2\/posts"}],"about":[{"href":"https:\/\/busondakika.com.tr\/index.php?rest_route=\/wp\/v2\/types\/post"}],"author":[{"embeddable":true,"href":"https:\/\/busondakika.com.tr\/index.php?rest_route=\/wp\/v2\/users\/1"}],"replies":[{"embeddable":true,"href":"https:\/\/busondakika.com.tr\/index.php?rest_route=%2Fwp%2Fv2%2Fcomments&post=4171"}],"version-history":[{"count":1,"href":"https:\/\/busondakika.com.tr\/index.php?rest_route=\/wp\/v2\/posts\/4171\/revisions"}],"predecessor-version":[{"id":4173,"href":"https:\/\/busondakika.com.tr\/index.php?rest_route=\/wp\/v2\/posts\/4171\/revisions\/4173"}],"wp:featuredmedia":[{"embeddable":true,"href":"https:\/\/busondakika.com.tr\/index.php?rest_route=\/wp\/v2\/media\/4172"}],"wp:attachment":[{"href":"https:\/\/busondakika.com.tr\/index.php?rest_route=%2Fwp%2Fv2%2Fmedia&parent=4171"}],"wp:term":[{"taxonomy":"category","embeddable":true,"href":"https:\/\/busondakika.com.tr\/index.php?rest_route=%2Fwp%2Fv2%2Fcategories&post=4171"},{"taxonomy":"post_tag","embeddable":true,"href":"https:\/\/busondakika.com.tr\/index.php?rest_route=%2Fwp%2Fv2%2Ftags&post=4171"}],"curies":[{"name":"wp","href":"https:\/\/api.w.org\/{rel}","templated":true}]}}