{"id":4180,"date":"2026-03-17T08:52:02","date_gmt":"2026-03-17T08:52:02","guid":{"rendered":"https:\/\/busondakika.com.tr\/?p=4180"},"modified":"2026-03-17T08:52:03","modified_gmt":"2026-03-17T08:52:03","slug":"maltepede-ibadethaneler-ramazan-bayramina-hazir","status":"publish","type":"post","link":"https:\/\/busondakika.com.tr\/?p=4180","title":{"rendered":"Maltepe\u2019de ibadethaneler Ramazan Bayram\u0131\u2019na haz\u0131r"},"content":{"rendered":"<p> Maltepe Belediyesi yakla\u015fan Ramazan Bayram\u0131 \u00f6ncesinde vatanda\u015flar\u0131n ibadetlerini temiz ve huzurlu bir ortamda ger\u00e7ekle\u015ftirebilmeleri i\u00e7in il\u00e7e genelinde ibadethanelerde kapsaml\u0131 bir temizlik seferberli\u011fi ba\u015flatt\u0131.<\/p>\n<p>Maltepe Belediyesi, Destek Hizmetleri M\u00fcd\u00fcrl\u00fc\u011f\u00fc\u2019ne ba\u011fl\u0131 \u201c\u0130badethane Temizlik Ekibi\u201d, yakla\u015fan Ramazan Bayram\u0131 \u00f6ncesinde cami ve mescitleri vatanda\u015flar\u0131n kullan\u0131m\u0131 i\u00e7in temizlemeye ba\u015flad\u0131. Belediye ekipleri il\u00e7e genelindeki ibadethanelerde; hal\u0131lar\u0131 profesyonel makinelerle y\u0131k\u0131yor, camlar\u0131 siliyor ve ayakkab\u0131l\u0131klar\u0131 dezenfekte ediyor. Ayr\u0131ca camilerin mihrap ve ah\u015fap k\u0131s\u0131mlar\u0131 \u00f6zel sol\u00fcsyonlarla temizleniyor.<\/p>\n<p>Maltepe Belediyesi yetkilileri, benzer \u00e7al\u0131\u015fmalar\u0131n bayram boyunca da s\u00fcrd\u00fcr\u00fclece\u011fini belirtti.\u00a0<\/p>\n<p>\u00a0<\/p>\n<p>\u00a0<\/p>\n<p>Kaynak: (BYZHA) Beyaz Haber Ajans\u0131<\/p>\n","protected":false},"excerpt":{"rendered":"<p>Maltepe Belediyesi yakla\u015fan Ramazan Bayram\u0131 \u00f6ncesinde vatanda\u015flar\u0131n ibadetlerini temiz ve huzurlu bir ortamda ger\u00e7ekle\u015ftirebilmeleri i\u00e7in il\u00e7e genelinde ibadethanelerde kapsaml\u0131 bir temizlik seferberli\u011fi ba\u015flatt\u0131.<\/p>\n","protected":false},"author":1,"featured_media":4181,"comment_status":"open","ping_status":"open","sticky":false,"template":"","format":"standard","meta":{"footnotes":""},"categories":[21],"tags":[],"class_list":["post-4180","post","type-post","status-publish","format-standard","has-post-thumbnail","hentry","category-gundem"],"_links":{"self":[{"href":"https:\/\/busondakika.com.tr\/index.php?rest_route=\/wp\/v2\/posts\/4180","targetHints":{"allow":["GET"]}}],"collection":[{"href":"https:\/\/busondakika.com.tr\/index.php?rest_route=\/wp\/v2\/posts"}],"about":[{"href":"https:\/\/busondakika.com.tr\/index.php?rest_route=\/wp\/v2\/types\/post"}],"author":[{"embeddable":true,"href":"https:\/\/busondakika.com.tr\/index.php?rest_route=\/wp\/v2\/users\/1"}],"replies":[{"embeddable":true,"href":"https:\/\/busondakika.com.tr\/index.php?rest_route=%2Fwp%2Fv2%2Fcomments&post=4180"}],"version-history":[{"count":1,"href":"https:\/\/busondakika.com.tr\/index.php?rest_route=\/wp\/v2\/posts\/4180\/revisions"}],"predecessor-version":[{"id":4182,"href":"https:\/\/busondakika.com.tr\/index.php?rest_route=\/wp\/v2\/posts\/4180\/revisions\/4182"}],"wp:featuredmedia":[{"embeddable":true,"href":"https:\/\/busondakika.com.tr\/index.php?rest_route=\/wp\/v2\/media\/4181"}],"wp:attachment":[{"href":"https:\/\/busondakika.com.tr\/index.php?rest_route=%2Fwp%2Fv2%2Fmedia&parent=4180"}],"wp:term":[{"taxonomy":"category","embeddable":true,"href":"https:\/\/busondakika.com.tr\/index.php?rest_route=%2Fwp%2Fv2%2Fcategories&post=4180"},{"taxonomy":"post_tag","embeddable":true,"href":"https:\/\/busondakika.com.tr\/index.php?rest_route=%2Fwp%2Fv2%2Ftags&post=4180"}],"curies":[{"name":"wp","href":"https:\/\/api.w.org\/{rel}","templated":true}]}}