{"id":4189,"date":"2026-03-17T08:52:11","date_gmt":"2026-03-17T08:52:11","guid":{"rendered":"https:\/\/busondakika.com.tr\/?p=4189"},"modified":"2026-03-17T08:52:12","modified_gmt":"2026-03-17T08:52:12","slug":"kadir-gecesinde-keciorende-birlik-ve-paylasma-ruhu-yasandi","status":"publish","type":"post","link":"https:\/\/busondakika.com.tr\/?p=4189","title":{"rendered":"Kadir Gecesi\u2019nde Ke\u00e7i\u00f6ren\u2019de Birlik ve Payla\u015fma Ruhu Ya\u015fand\u0131"},"content":{"rendered":"<p> Ke\u00e7i\u00f6ren Belediyesi, bin aydan daha hay\u0131rl\u0131 kabul edilen Kadir Gecesi dolay\u0131s\u0131yla il\u00e7ede anlaml\u0131 programlar d\u00fczenledi. Ramazan etkinlik \u00e7ad\u0131rlar\u0131nda Kur\u2019an-\u0131 Kerim tilaveti okunurken, il\u00e7edeki camilerde vatanda\u015flara simit ikram\u0131nda bulunuldu.<\/p>\n<p>Vatanda\u015flar\u0131n yo\u011fun ilgi g\u00f6sterdi\u011fi programlarda Kur\u2019an tilavetiyle manevi bir atmosfer olu\u015furken, cami \u00e7\u0131k\u0131\u015flar\u0131nda yap\u0131lan simit da\u011f\u0131t\u0131m\u0131yla Kadir Gecesi\u2019nin payla\u015fma ve birlik ruhu peki\u015ftirildi.<\/p>\n<p><b>\u201cKadir Gecesi, rahmet ve ma\u011ffiretin kap\u0131lar\u0131n\u0131n sonuna kadar a\u00e7\u0131ld\u0131\u011f\u0131 m\u00fcbarek bir gecedir\u201d<\/b><\/p>\n<p><b>Ke\u00e7i\u00f6ren Belediye Ba\u015fkan\u0131 Dr. Mesut \u00d6zarslan,\u00a0<\/b>t\u00fcm \u0130slam \u00e2leminin gecesini tebrik ederek, \u201cBin aydan daha hay\u0131rl\u0131 olan Kadir Gecemizin milletimize ve t\u00fcm \u0130slam \u00e2lemine hay\u0131rlar getirmesini diliyorum. Bu m\u00fcbarek gecede edilen dualar\u0131n kabul olmas\u0131n\u0131 temenni ediyorum. Kadir Gecemiz m\u00fcbarek olsun.\u201d mesaj\u0131 payla\u015ft\u0131.<\/p>\n<p>\u00a0<\/p>\n<p>Kaynak: (BYZHA) Beyaz Haber Ajans\u0131<\/p>\n","protected":false},"excerpt":{"rendered":"<p>Ke\u00e7i\u00f6ren Belediyesi, bin aydan daha hay\u0131rl\u0131 kabul edilen Kadir Gecesi dolay\u0131s\u0131yla il\u00e7ede anlaml\u0131 programlar d\u00fczenledi.<\/p>\n","protected":false},"author":1,"featured_media":4190,"comment_status":"open","ping_status":"open","sticky":false,"template":"","format":"standard","meta":{"footnotes":""},"categories":[20],"tags":[],"class_list":["post-4189","post","type-post","status-publish","format-standard","has-post-thumbnail","hentry","category-kultur-sanat"],"_links":{"self":[{"href":"https:\/\/busondakika.com.tr\/index.php?rest_route=\/wp\/v2\/posts\/4189","targetHints":{"allow":["GET"]}}],"collection":[{"href":"https:\/\/busondakika.com.tr\/index.php?rest_route=\/wp\/v2\/posts"}],"about":[{"href":"https:\/\/busondakika.com.tr\/index.php?rest_route=\/wp\/v2\/types\/post"}],"author":[{"embeddable":true,"href":"https:\/\/busondakika.com.tr\/index.php?rest_route=\/wp\/v2\/users\/1"}],"replies":[{"embeddable":true,"href":"https:\/\/busondakika.com.tr\/index.php?rest_route=%2Fwp%2Fv2%2Fcomments&post=4189"}],"version-history":[{"count":1,"href":"https:\/\/busondakika.com.tr\/index.php?rest_route=\/wp\/v2\/posts\/4189\/revisions"}],"predecessor-version":[{"id":4191,"href":"https:\/\/busondakika.com.tr\/index.php?rest_route=\/wp\/v2\/posts\/4189\/revisions\/4191"}],"wp:featuredmedia":[{"embeddable":true,"href":"https:\/\/busondakika.com.tr\/index.php?rest_route=\/wp\/v2\/media\/4190"}],"wp:attachment":[{"href":"https:\/\/busondakika.com.tr\/index.php?rest_route=%2Fwp%2Fv2%2Fmedia&parent=4189"}],"wp:term":[{"taxonomy":"category","embeddable":true,"href":"https:\/\/busondakika.com.tr\/index.php?rest_route=%2Fwp%2Fv2%2Fcategories&post=4189"},{"taxonomy":"post_tag","embeddable":true,"href":"https:\/\/busondakika.com.tr\/index.php?rest_route=%2Fwp%2Fv2%2Ftags&post=4189"}],"curies":[{"name":"wp","href":"https:\/\/api.w.org\/{rel}","templated":true}]}}