{"id":4198,"date":"2026-03-17T09:00:00","date_gmt":"2026-03-17T09:00:00","guid":{"rendered":"https:\/\/busondakika.com.tr\/?p=4198"},"modified":"2026-03-17T09:00:01","modified_gmt":"2026-03-17T09:00:01","slug":"karsiyaka-carsiya-dev-sofra-5-bin-kisi-iftarda-bulustu","status":"publish","type":"post","link":"https:\/\/busondakika.com.tr\/?p=4198","title":{"rendered":"Kar\u015f\u0131yaka \u00c7ar\u015f\u0131\u2019ya dev sofra: 5 bin ki\u015fi iftarda bulu\u015ftu!"},"content":{"rendered":"<p> <b>Kar\u015f\u0131yaka Belediyesi, Kadir Gecesi\u2019nde Kar\u015f\u0131yaka \u00c7ar\u015f\u0131s\u0131\u2019nda dev bir iftar sofras\u0131 kurdu. Yakla\u015f\u0131k 5 bin ki\u015finin ayn\u0131 sofran\u0131n etraf\u0131nda bulu\u015ftu\u011fu gecede, Kar\u015f\u0131yaka ruhuyla birlik ve beraberlik \u00f6rne\u011fi sergilendi. Belediye Ba\u015fkan\u0131 Y\u0131ld\u0131z \u00dcnsal \u201cB\u00fcy\u00fck bir aile oldu\u011fumuzu bu anlaml\u0131 gecede bir kez daha g\u00f6sterdik. Sofram\u0131z\u0131 payla\u015fan t\u00fcm vatanda\u015flar\u0131m\u0131za y\u00fcrekten te\u015fekk\u00fcr ediyorum\u201d dedi.<\/b><\/p>\n<p>Ramazan ay\u0131 boyunca farkl\u0131 mahallelerde iftar sofralar\u0131 kuran Kar\u015f\u0131yaka Belediyesi, en b\u00fcy\u00fck organizasyonu Kadir Gecesi\u2019nde ger\u00e7ekle\u015ftirdi. Kar\u015f\u0131yaka \u00c7ar\u015f\u0131\u2019da d\u00fczenlenen iftar yeme\u011finde, yakla\u015f\u0131k 5 bin ki\u015fi ayn\u0131 sofran\u0131n etraf\u0131nda bulu\u015ftu. Kar\u015f\u0131yaka Belediye Ba\u015fkan\u0131 Y\u0131ld\u0131z \u00dcnsal\u2019\u0131n ev sahipli\u011findeki organizasyona CHP \u0130zmir \u0130l Ba\u015fkan\u0131 \u00c7a\u011fatay G\u00fc\u00e7, \u0130l\u00e7e Ba\u015fkan\u0131 Levent G\u00fc\u00e7l\u00fc ve y\u00f6netimleri, meclis \u00fcyeleri ile muhtarlar da kat\u0131ld\u0131. Sofraya konuk olan vatanda\u015flar\u0131 selamlayarak kat\u0131l\u0131mlar\u0131 i\u00e7in te\u015fekk\u00fcr eden Ba\u015fkan Y\u0131ld\u0131z \u00dcnsal; Kar\u015f\u0131yaka\u2019n\u0131n, bir kez daha birlik ve beraberli\u011fin en g\u00fczel \u00f6rne\u011fini sergiledi\u011fini s\u00f6yledi.\u00a0Vatanda\u015flar da anlaml\u0131 organizasyon i\u00e7in Ba\u015fkan \u00dcnsal\u2019a te\u015fekk\u00fcrlerini iletti.<\/p>\n<p><b>\u201cDAYANI\u015eMAYI B\u0130RL\u0130KTE B\u00dcY\u00dcTT\u00dcK\u201d<\/b><\/p>\n<p>Kar\u015f\u0131yaka Belediye Ba\u015fkan\u0131 Y\u0131ld\u0131z \u00dcnsal \u201cGeleneksel \u00e7ar\u015f\u0131 iftar\u0131m\u0131zda sizlerle ayn\u0131 sofray\u0131 payla\u015fman\u0131n mutlulu\u011funu ya\u015f\u0131yorum. Ramazan ay\u0131; dayan\u0131\u015fman\u0131n, payla\u015fman\u0131n ve karde\u015fli\u011fin en g\u00fczel ya\u015fand\u0131\u011f\u0131 bir zaman dilimi. Bu y\u0131l da 13 farkl\u0131 mahallemizde iftar sofralar\u0131 kurarak, bu g\u00fczel ruhu hep birlikte b\u00fcy\u00fctt\u00fck. Kadir Gecesi\u2019nde, yine sofram\u0131z\u0131 payla\u015ft\u0131k, dayan\u0131\u015fmam\u0131z\u0131 t\u00fcm \u0130zmir\u2019e g\u00f6sterdik. \u00d6n\u00fcm\u00fcz bayram\u2026 Sevdiklerinizle, ailenizle sa\u011fl\u0131kl\u0131 ve huzur dolu bir bayram diliyorum. Sizlerden ald\u0131\u011f\u0131m\u0131z g\u00fc\u00e7le \u00fcretmeye, kentimizi daha g\u00fczel yar\u0131nlara ta\u015f\u0131maya devam edece\u011fiz. Sofram\u0131z bereketli, muhabbetimiz daim olsun\u201d dedi.<\/p>\n<p>\u00a0<\/p>\n<p>Kaynak: (BYZHA) Beyaz Haber Ajans\u0131<\/p>\n","protected":false},"excerpt":{"rendered":"<p>Kar\u015f\u0131yaka Belediyesi, Kadir Gecesi\u2019nde Kar\u015f\u0131yaka \u00c7ar\u015f\u0131s\u0131\u2019nda dev bir iftar sofras\u0131 kurdu.<\/p>\n","protected":false},"author":1,"featured_media":4199,"comment_status":"open","ping_status":"open","sticky":false,"template":"","format":"standard","meta":{"footnotes":""},"categories":[21],"tags":[],"class_list":["post-4198","post","type-post","status-publish","format-standard","has-post-thumbnail","hentry","category-gundem"],"_links":{"self":[{"href":"https:\/\/busondakika.com.tr\/index.php?rest_route=\/wp\/v2\/posts\/4198","targetHints":{"allow":["GET"]}}],"collection":[{"href":"https:\/\/busondakika.com.tr\/index.php?rest_route=\/wp\/v2\/posts"}],"about":[{"href":"https:\/\/busondakika.com.tr\/index.php?rest_route=\/wp\/v2\/types\/post"}],"author":[{"embeddable":true,"href":"https:\/\/busondakika.com.tr\/index.php?rest_route=\/wp\/v2\/users\/1"}],"replies":[{"embeddable":true,"href":"https:\/\/busondakika.com.tr\/index.php?rest_route=%2Fwp%2Fv2%2Fcomments&post=4198"}],"version-history":[{"count":1,"href":"https:\/\/busondakika.com.tr\/index.php?rest_route=\/wp\/v2\/posts\/4198\/revisions"}],"predecessor-version":[{"id":4200,"href":"https:\/\/busondakika.com.tr\/index.php?rest_route=\/wp\/v2\/posts\/4198\/revisions\/4200"}],"wp:featuredmedia":[{"embeddable":true,"href":"https:\/\/busondakika.com.tr\/index.php?rest_route=\/wp\/v2\/media\/4199"}],"wp:attachment":[{"href":"https:\/\/busondakika.com.tr\/index.php?rest_route=%2Fwp%2Fv2%2Fmedia&parent=4198"}],"wp:term":[{"taxonomy":"category","embeddable":true,"href":"https:\/\/busondakika.com.tr\/index.php?rest_route=%2Fwp%2Fv2%2Fcategories&post=4198"},{"taxonomy":"post_tag","embeddable":true,"href":"https:\/\/busondakika.com.tr\/index.php?rest_route=%2Fwp%2Fv2%2Ftags&post=4198"}],"curies":[{"name":"wp","href":"https:\/\/api.w.org\/{rel}","templated":true}]}}