{"id":4204,"date":"2026-03-17T09:00:08","date_gmt":"2026-03-17T09:00:08","guid":{"rendered":"https:\/\/busondakika.com.tr\/?p=4204"},"modified":"2026-03-17T09:00:09","modified_gmt":"2026-03-17T09:00:09","slug":"bu-sergi-111-yil-onceki-sanli-zafere-goturecek","status":"publish","type":"post","link":"https:\/\/busondakika.com.tr\/?p=4204","title":{"rendered":"Bu sergi 111 y\u0131l \u00f6nceki \u015fanl\u0131 zafere g\u00f6t\u00fcrecek"},"content":{"rendered":"<p> Kocaeli B\u00fcy\u00fck\u015fehir Belediyesi, T\u00fcrk tarihinin en \u00f6nemli destanlar\u0131ndan 18 Mart \u00c7anakkale Zaferi\u2019ni muhte\u015fem bir sergi ile ta\u00e7land\u0131racak. Tarih yazar\u0131 Dr. Serta\u00e7 Kayserilio\u011flu\u2019nun koleksiyonundan olu\u015fan \u201c\u00c7anakkale \u0130\u00e7inde Vurdular Beni\u201d adl\u0131 sergi 18 Mart \u00c7ar\u015famba g\u00fcn\u00fc (yar\u0131n) saat 13.30\u2019da a\u00e7\u0131lacak.<\/p>\n<p><b>B\u00dcY\u00dcK ZAFERE YAKI\u015eAN SERG\u0130<\/b><\/p>\n<p>B\u00fcy\u00fck Zaferin 111. y\u0131l\u0131na anlam katacak olan koleksiyona, \u0130zmit Millet Bah\u00e7esi i\u00e7indeki Sanat Galerisi ev sahipli\u011fi yapacak. Haz\u0131rl\u0131klar\u0131 titizlikle y\u00fcr\u00fct\u00fclen sergi; vatan\u0131n i\u015fgalden Cumhuriyete kadar ya\u015fad\u0131\u011f\u0131 evreleri gelecek nesillere en ger\u00e7ek \u015fekliyle anlatacak. 18 Mart \u00c7anakkale ruhunu her y\u00f6n\u00fcyle g\u00f6zler \u00f6n\u00fcne serecek olan sergi,\u00a0 Dr.R.Serta\u00e7 Kayserilio\u011flu\u2019nun y\u0131llarca biriktirdi\u011fi objelerden olu\u015fuyor.<\/p>\n<p><b>SERG\u0130DE NELER VAR?<\/b><\/p>\n<p>Sergide; \u00c7anakkale-Gelibolu\u2019nun cephe gerisinden sava\u015f foto\u011fraflar\u0131, fotokart ve kartpostallar, Osmanl\u0131 ve erken Cumhuriyet d\u00f6nemi T\u00fcrk bayraklar\u0131, Hilal-i Ahmer bayraklar\u0131, askeri sancaklar, deniz may\u0131n\u0131 ve sava\u015f kal\u0131nt\u0131lar\u0131, ka\u011fn\u0131 tekerlekleri, cephane sand\u0131klar\u0131, top ve havan mermileri, silah ve silah par\u00e7alar\u0131, k\u0131l\u0131\u00e7, s\u00fcng\u00fc ve di\u011fer yak\u0131n muharebe silahlar\u0131, askeri ekipmanlar, askeri giysi ve aksesuarlar, madalyalar ve rozetler, askeri haberle\u015fme ara\u00e7lar\u0131, optik cihazlar ve periskoplar, t\u0131bbi ve cerrahi malzemeler, askeri mataralar ve sahra mutfa\u011f\u0131na ait ara\u00e7lar, at ko\u015fum tak\u0131mlar\u0131, siper kazma ara\u00e7lar\u0131, dikenli teller, ki\u015fisel asker e\u015fyalar\u0131, tra\u015f ve hijyen malzemeleri, t\u00fct\u00fcn ve i\u00e7ecek malzemeleri, inan\u00e7 objeleri, kararg\u00e2h malzemeleri, askeri mektuplar, d\u00f6nem gazeteleri ve \u00e7e\u015fitli tarihi belge ile efemeralar yer alacak.<\/p>\n<p><b>\u015eEH\u0130T MEKTUPLARI YER ALIYOR<\/b><\/p>\n<p>Sergide ayr\u0131ca okundu\u011funda y\u00fcrekleri da\u011flayan \u015fehit mektuplar\u0131 da yer alacak. \u00d6zellikle 27 Nisan 1915\u2019te Sedd\u00fclbahir\u2019de sava\u015f\u0131rken \u015fehit d\u00fc\u015fen Y\u00fczba\u015f\u0131 Kaz\u0131m Bey\u2019in ailesine yazd\u0131\u011f\u0131 veda mektubunun vatanda\u015flar taraf\u0131ndan b\u00fcy\u00fck ilgi g\u00f6rmesi bekleniyor.<\/p>\n<p><b>HANG\u0130 G\u00dcNLER Z\u0130YARET ED\u0130LEB\u0130L\u0130R?<\/b><\/p>\n<p>\u00d6zel koleksiyon 11 Nisan Cumartesi g\u00fcn\u00fcne kadar izlenebilinecek. Vatanda\u015flar bu tarihe kadar pazartesi g\u00fcnleri hari\u00e7 haftan\u0131n her g\u00fcn\u00fc 10.00 ile 20.00 aras\u0131nda sergiyi gezebilecek. Ramazan Bayram\u0131\u2019n\u0131n ikinci ve \u00fc\u00e7\u00fcnc\u00fc g\u00fcn\u00fc ise 12.00 ile 18.00 aras\u0131nda ziyaret\u00e7i kabul edilecek.<\/p>\n<p><b>DR. KAYSER\u0130L\u0130O\u011eLU\u2019NUN \u00d6ZEL KOLEKS\u0130YONU\u2019NDAN<\/b><\/p>\n<p>\u00d6te yandan sergi; ara\u015ft\u0131rmac\u0131-yazar ve koleksiyoner Dr. Serta\u00e7 Kayserilio\u011flu\u2019nun koleksiyonundan se\u00e7ilen objelerden olu\u015fuyor. Uzun y\u0131llar s\u00fcren ara\u015ft\u0131rma ve ar\u015fiv \u00e7al\u0131\u015fmalar\u0131 sonucunda olu\u015fan serginin k\u00fcrat\u00f6rl\u00fc\u011f\u00fcn\u00fc de Dr. Kayserilio\u011flu yapacak.<\/p>\n<p><b>\u00a0DR. KAYSER\u0130L\u0130O\u011eLU K\u0130MD\u0130R?<\/b><\/p>\n<p>Dr. Serta\u00e7 Kayserilio\u011flu; Osmanl\u0131 Devleti\u2019nin son d\u00f6nemi, \u00c7anakkale Sava\u015f\u0131, I. D\u00fcnya Sava\u015f\u0131 ve Kurtulu\u015f Sava\u015f\u0131 \u00fczerine yapt\u0131\u011f\u0131 \u00e7al\u0131\u015fmalarla tan\u0131n\u0131yor. Uzun y\u0131llard\u0131r tarihi belge, foto\u011fraf ve sava\u015f objeleri \u00fczerine koleksiyon \u00e7al\u0131\u015fmalar\u0131 yapmakta olan Dr. Kayserilio\u011flu, bu alanda ulusal ve uluslararas\u0131 d\u00fczeyde tan\u0131nan koleksiyonlara sahip. \u00c7e\u015fitli kitap ve ara\u015ft\u0131rma \u00e7al\u0131\u015fmalar\u0131n\u0131n yazar\u0131 olan Dr. Kayserilio\u011flu\u2019nun koleksiyonlar\u0131 farkl\u0131 sergi ve etkinliklerde kamuoyuyla bulu\u015fturulmu\u015f, ayn\u0131 zamanda uluslararas\u0131 koleksiyon yar\u0131\u015fmalar\u0131nda \u00f6d\u00fcller kazanm\u0131\u015ft\u0131r.<\/p>\n<p>\u00a0<\/p>\n<p>Kaynak: (BYZHA) Beyaz Haber Ajans\u0131<\/p>\n","protected":false},"excerpt":{"rendered":"<p>Kocaeli B\u00fcy\u00fck\u015fehir Belediyesi, T\u00fcrk tarihinin en \u00f6nemli destanlar\u0131ndan 18 Mart \u00c7anakkale Zaferi\u2019ni muhte\u015fem bir sergi ile ta\u00e7land\u0131racak.<\/p>\n","protected":false},"author":1,"featured_media":4205,"comment_status":"open","ping_status":"open","sticky":false,"template":"","format":"standard","meta":{"footnotes":""},"categories":[20],"tags":[],"class_list":["post-4204","post","type-post","status-publish","format-standard","has-post-thumbnail","hentry","category-kultur-sanat"],"_links":{"self":[{"href":"https:\/\/busondakika.com.tr\/index.php?rest_route=\/wp\/v2\/posts\/4204","targetHints":{"allow":["GET"]}}],"collection":[{"href":"https:\/\/busondakika.com.tr\/index.php?rest_route=\/wp\/v2\/posts"}],"about":[{"href":"https:\/\/busondakika.com.tr\/index.php?rest_route=\/wp\/v2\/types\/post"}],"author":[{"embeddable":true,"href":"https:\/\/busondakika.com.tr\/index.php?rest_route=\/wp\/v2\/users\/1"}],"replies":[{"embeddable":true,"href":"https:\/\/busondakika.com.tr\/index.php?rest_route=%2Fwp%2Fv2%2Fcomments&post=4204"}],"version-history":[{"count":1,"href":"https:\/\/busondakika.com.tr\/index.php?rest_route=\/wp\/v2\/posts\/4204\/revisions"}],"predecessor-version":[{"id":4206,"href":"https:\/\/busondakika.com.tr\/index.php?rest_route=\/wp\/v2\/posts\/4204\/revisions\/4206"}],"wp:featuredmedia":[{"embeddable":true,"href":"https:\/\/busondakika.com.tr\/index.php?rest_route=\/wp\/v2\/media\/4205"}],"wp:attachment":[{"href":"https:\/\/busondakika.com.tr\/index.php?rest_route=%2Fwp%2Fv2%2Fmedia&parent=4204"}],"wp:term":[{"taxonomy":"category","embeddable":true,"href":"https:\/\/busondakika.com.tr\/index.php?rest_route=%2Fwp%2Fv2%2Fcategories&post=4204"},{"taxonomy":"post_tag","embeddable":true,"href":"https:\/\/busondakika.com.tr\/index.php?rest_route=%2Fwp%2Fv2%2Ftags&post=4204"}],"curies":[{"name":"wp","href":"https:\/\/api.w.org\/{rel}","templated":true}]}}