{"id":4210,"date":"2026-03-17T09:12:32","date_gmt":"2026-03-17T09:12:32","guid":{"rendered":"https:\/\/busondakika.com.tr\/?p=4210"},"modified":"2026-03-17T09:12:33","modified_gmt":"2026-03-17T09:12:33","slug":"istanbul-ramazan-bayramina-hazir-bayram-suresince-toplu-tasima-ucretsiz","status":"publish","type":"post","link":"https:\/\/busondakika.com.tr\/?p=4210","title":{"rendered":"\u0130stanbul Ramazan Bayram\u0131\u2019na Haz\u0131r Bayram S\u00fcresince Toplu Ta\u015f\u0131ma \u00dccretsiz"},"content":{"rendered":"<p> <strong>\u0130BB, \u0130stanbullular\u0131n rahat ve huzurlu bir bayram ge\u00e7irebilmesi i\u00e7in t\u00fcm haz\u0131rl\u0131klar\u0131n\u0131 tamamlad\u0131. 20-22 Mart 2026 tarihlerine denk gelen Ramazan Bayram\u0131 boyunca, ki\u015fiselle\u015ftirilmi\u015f \u0130stanbulkart sahiplerine toplu ula\u015f\u0131m \u00fccretsiz olacak.<\/strong><\/p>\n<p><strong>\u00a0\u0130stanbul B\u00fcy\u00fck\u015fehir Belediyesi<\/strong>\u00a0(\u0130BB), 20-22 Mart tarihleri aras\u0131ndaki Ramazan Bayram\u0131 tatilinin rahat ve g\u00fcvenli ge\u00e7mesi i\u00e7in haz\u0131rl\u0131klar\u0131n\u0131 tamamlad\u0131.\u00a0Bayram s\u00fcresince \u0130BB\u2019ye ba\u011fl\u0131 toplu ta\u015f\u0131ma ara\u00e7lar\u0131 \u00fccretsiz olacak.\u00a0\u0130ETT, Ramazan Bayram\u0131\u2019nda t\u00fcm otob\u00fcs \u2013 metrob\u00fcs, nostaljik tramvay, tarihi t\u00fcnel ve Adalar il\u00e7esindeki elektrikli ara\u00e7 seferlerinde tam kapasite ile hizmet verecek. \u00a0 Olas\u0131 ihtiya\u00e7 durumlar\u0131nda da ek seferler ile \u0130stanbullular\u0131n hizmetinde olacak.<\/p>\n<p>Ayr\u0131ca, iki k\u0131tay\u0131 bir yolculukta birle\u015ftiren BUSFORUS da bayram s\u00fcresince, \u0130stanbul\u2019u masals\u0131 bir yolculukla ke\u015ffetmek isteyenler i\u00e7in sabah 10.00 ve ak\u015fam 17.00 aras\u0131nda seferlerini ger\u00e7ekle\u015ftirmeye devam edecek.<\/p>\n<p><strong>ZABITA 7\/24 G\u00d6REV\u0130N\u0130N BA\u015eINDA<\/strong><\/p>\n<p>\u0130stanbullular\u0131n huzurlu ve sa\u011fl\u0131kl\u0131 bir bayram ya\u015famas\u0131 ad\u0131na Zab\u0131ta Dairesi Ba\u015fkanl\u0131\u011f\u0131 ekipleri de bayram tatili boyunca 7\/24 g\u00f6revlerinin ba\u015f\u0131nda hizmete devam edecek.<\/p>\n<p><strong>\u00a0<\/strong>\u0130BB Sa\u011fl\u0131k \u0130\u015fleri Dairesi Ba\u015fkanl\u0131\u011f\u0131 b\u00fcnyesindeki\u00a0Evde Sa\u011fl\u0131k Hizmetleri Birimi, Arife g\u00fcn\u00fc d\u00e2hil olmak \u00fczere Ramazan Bayram\u0131 boyunca kesintisiz hizmet verecek. Avrupa Yakas\u0131\u2019nda Edirnekap\u0131, G\u00fczeltepe ve Esenyurt; Anadolu Yakas\u0131\u2019nda ise \u00dcsk\u00fcdar ve Kartal birimleri, toplam be\u015f ekip ve be\u015f ara\u00e7la sahada vatanda\u015flar\u0131n sa\u011fl\u0131k ihtiya\u00e7lar\u0131n\u0131 kar\u015f\u0131layacak.<\/p>\n<p><strong>\u0130BADETHANELER VE MEZARLIKLARDA BAYRAM TEM\u0130ZL\u0130\u011e\u0130<\/strong><\/p>\n<p>Ramazan Bayram\u0131 \u00f6ncesinde Ey\u00fcpsultan Camii\u2019nden Fatih Camii\u2019ne, S\u00fcleymaniye Camii\u2019nden Nusretiye Camii\u2019ne 44 tarih\u00ee caminin bak\u0131m ve temizlik \u00e7al\u0131\u015fmalar\u0131 tamamland\u0131. Ekipler, bayram s\u00fcresince de sahada olmaya devam edecek. \u00a0\u00a0<\/p>\n<p><strong>\u00a0<\/strong>Ayr\u0131ca \u0130BB ekipleri, bayram ziyareti \u00f6ncesinde mezarl\u0131k ve cami \u00e7evrelerinde y\u0131kama ve temizlik hizmetlerini de y\u00fcr\u00fct\u00fcyor. Asya yakas\u0131nda 47 mezarl\u0131k ve 46 cami \u00e7evresi, Avrupa yakas\u0131nda ise 52 mezarl\u0131k ve 34 cami \u00e7evresinde y\u0131kama ve s\u00fcp\u00fcrme faaliyetleri yap\u0131l\u0131yor.<\/p>\n<p>\u0130BB \u0130\u015fletmeler M\u00fcd\u00fcrl\u00fc\u011f\u00fc, 3 mobil ara\u00e7 ve 6 personeli ile Emin\u00f6n\u00fc yeni Camii, Ey\u00fcp Sultan Camii, Ayasofya-i Keb\u00eer C\u00e2mii sabah namaz\u0131 sonras\u0131 \u00e7orba ve sandvi\u00e7 ikram edecek. Ayn\u0131 zamanda Edirnekap\u0131 \u015eehitli\u011fi\u2019nde 1 mobil arac\u0131 ve 2 personeli ile g\u00fcn boyu \u00e7orba ve sandvi\u00e7 ikram\u0131 olacak.<\/p>\n<p><strong>MEHTERANLA BAYRAM CO\u015eKUSU<\/strong><\/p>\n<p>\u0130BB Mehteran\u0131, \u0130stanbullularla Ramazan Bayram\u0131 co\u015fkusunu birlikte ya\u015famak i\u00e7in \u201cMehteranla Bayram Co\u015fkusu\u201d program\u0131 kapsam\u0131nda dinleyicisiyle bulu\u015fuyor. Arife G\u00fcn\u00fc Ey\u00fcpsultan Camii \u00f6n\u00fcnde saat 18:00\u2019de, bayram\u0131n birinci g\u00fcn\u00fc bayram namaz\u0131n\u0131n hemen sonras\u0131nda, bayram\u0131n 2. ve 3. g\u00fcnlerinde ise saat 18:00\u2019de Sultanahmet Meydan\u0131 Tur\u015fucuzade Kona\u011f\u0131 \u00f6n\u00fcnde \u0130stanbullularla bulu\u015facak.\u00a0<\/p>\n<p><strong>BAH\u00c7E MARKETTE BAYRAM \u0130ND\u0130R\u0130M\u0130<\/strong><\/p>\n<p>Ramazan Bayram\u0131 kapsam\u0131nda Bah\u00e7e Market ma\u011fazalar\u0131nda ve bahcemarket.com\u2019da t\u00fcm \u00fcr\u00fcnlerde %10 indirim uygulanacak. Bayram\u0131n ilk g\u00fcn\u00fc mezarl\u0131klarda hizmet veren Bah\u00e7e Marketlerden Zincirlikuyu Mezarl\u0131\u011f\u0131 ve Karacaahmet Mezarl\u0131\u011f\u0131\u2019ndaki Bah\u00e7e Marketler a\u00e7\u0131k olacak. Bayram\u0131n ikinci g\u00fcn\u00fcnden itibaren ise t\u00fcm Bah\u00e7e Marketler hizmet verecek.\u00a0<\/p>\n<p>Ayr\u0131ca \u0130stanbullular\u0131n do\u011fayla bulu\u015fma noktas\u0131 olan Kemerburgaz Kent Orman\u0131 da Ramazan Bayram\u0131\u2019nda da a\u00e7\u0131k olacak. Bayram s\u00fcresi boyunca 08.00\u201320.00 saatleri aras\u0131nda hizmet vermeye devam edecek.<\/p>\n<p><strong>\u0130STANBUL HALK EKMEK\u2019TEN \u00c7\u00d6LYAK VE PKU HASTALARINA BAYRAM DESTE\u011e\u0130<\/strong><\/p>\n<p>\u0130stanbul Halk Ekmek (\u0130HE),\u00a0T\u00fcrkiye\u2019nin 81 ilindeki yakla\u015f\u0131k 5 bin \u00e7\u00f6lyak ve PKU hastas\u0131na gl\u00fctensiz \u00fcr\u00fcnlerden olu\u015fan destek kolilerini ula\u015ft\u0131racak. Vatanda\u015flar, raporlar\u0131n\u0131 sisteme y\u00fckleyerek bu \u00f6zel \u00fcr\u00fcnlere indirimli ula\u015fmaya ve y\u0131lda \u00fc\u00e7 kez g\u00f6nderilen hediye paketlerinden yararlanmaya devam edebilecek.<\/p>\n<p>\u00a0<\/p>\n<p>Kaynak: (BYZHA) Beyaz Haber Ajans\u0131<\/p>\n","protected":false},"excerpt":{"rendered":"<p>\u0130BB, \u0130stanbullular\u0131n rahat ve huzurlu bir bayram ge\u00e7irebilmesi i\u00e7in t\u00fcm haz\u0131rl\u0131klar\u0131n\u0131 tamamlad\u0131.<\/p>\n","protected":false},"author":1,"featured_media":4211,"comment_status":"open","ping_status":"open","sticky":false,"template":"","format":"standard","meta":{"footnotes":""},"categories":[21],"tags":[],"class_list":["post-4210","post","type-post","status-publish","format-standard","has-post-thumbnail","hentry","category-gundem"],"_links":{"self":[{"href":"https:\/\/busondakika.com.tr\/index.php?rest_route=\/wp\/v2\/posts\/4210","targetHints":{"allow":["GET"]}}],"collection":[{"href":"https:\/\/busondakika.com.tr\/index.php?rest_route=\/wp\/v2\/posts"}],"about":[{"href":"https:\/\/busondakika.com.tr\/index.php?rest_route=\/wp\/v2\/types\/post"}],"author":[{"embeddable":true,"href":"https:\/\/busondakika.com.tr\/index.php?rest_route=\/wp\/v2\/users\/1"}],"replies":[{"embeddable":true,"href":"https:\/\/busondakika.com.tr\/index.php?rest_route=%2Fwp%2Fv2%2Fcomments&post=4210"}],"version-history":[{"count":1,"href":"https:\/\/busondakika.com.tr\/index.php?rest_route=\/wp\/v2\/posts\/4210\/revisions"}],"predecessor-version":[{"id":4212,"href":"https:\/\/busondakika.com.tr\/index.php?rest_route=\/wp\/v2\/posts\/4210\/revisions\/4212"}],"wp:featuredmedia":[{"embeddable":true,"href":"https:\/\/busondakika.com.tr\/index.php?rest_route=\/wp\/v2\/media\/4211"}],"wp:attachment":[{"href":"https:\/\/busondakika.com.tr\/index.php?rest_route=%2Fwp%2Fv2%2Fmedia&parent=4210"}],"wp:term":[{"taxonomy":"category","embeddable":true,"href":"https:\/\/busondakika.com.tr\/index.php?rest_route=%2Fwp%2Fv2%2Fcategories&post=4210"},{"taxonomy":"post_tag","embeddable":true,"href":"https:\/\/busondakika.com.tr\/index.php?rest_route=%2Fwp%2Fv2%2Ftags&post=4210"}],"curies":[{"name":"wp","href":"https:\/\/api.w.org\/{rel}","templated":true}]}}