{"id":4213,"date":"2026-03-17T09:12:38","date_gmt":"2026-03-17T09:12:38","guid":{"rendered":"https:\/\/busondakika.com.tr\/?p=4213"},"modified":"2026-03-17T09:12:39","modified_gmt":"2026-03-17T09:12:39","slug":"maltepe-belediyesi-kultur-sanat-kurslari-basliyor","status":"publish","type":"post","link":"https:\/\/busondakika.com.tr\/?p=4213","title":{"rendered":"Maltepe Belediyesi k\u00fclt\u00fcr sanat kurslar\u0131 ba\u015fl\u0131yor"},"content":{"rendered":"<p> Maltepe Belediyesi, yeni k\u00fclt\u00fcr ve sanat sezonu kapsam\u0131nda d\u00fczenleyece\u011fi kurslar i\u00e7in \u00f6n kay\u0131t s\u00fcrecini ba\u015flatt\u0131. \u00dc\u00e7 ayr\u0131 alanda ger\u00e7ekle\u015ftirilecek kurslara ba\u015fvurular 19 Mart\u2019a kadar devam edecek.<\/p>\n<p>K\u00fclt\u00fcr, Sanat ve Sosyal \u0130\u015fler M\u00fcd\u00fcrl\u00fc\u011f\u00fc taraf\u0131ndan organize edilen kurslar; m\u00fczik ve enstr\u00fcman, sahne sanatlar\u0131 ile g\u00f6rsel sanatlar olmak \u00fczere \u00fc\u00e7 ba\u015fl\u0131k alt\u0131nda toplan\u0131yor. M\u00fczik ve enstr\u00fcman kurslar\u0131 kapsam\u0131nda gitar, piyano ve keman e\u011fitimi verilecek. Sahne sanatlar\u0131 alan\u0131nda drama ve bale kurslar\u0131 d\u00fczenlenirken, g\u00f6rsel sanatlar ba\u015fl\u0131\u011f\u0131 alt\u0131nda ise resim kursu a\u00e7\u0131lacak.<\/p>\n<p>E\u011fitimler, \u0130stanbul Anadolu Yakas\u0131\u2019n\u0131n \u00f6nemli k\u00fclt\u00fcr merkezlerinden biri olan Prof. Dr. T\u00fcrkan Saylan K\u00fclt\u00fcr Merkezi\u2019nde ger\u00e7ekle\u015ftirilecek. Kurslar uzman e\u011fitmenler taraf\u0131ndan verilecek ve kontenjanlarla s\u0131n\u0131rl\u0131 olacak.<\/p>\n<p>Ba\u015fvurular Maltepe Belediyesi\u2019nin resmi internet sitesi \u00fczerinden yap\u0131labilecek. \u00d6n kay\u0131tlar\u0131n ard\u0131ndan, kontenjan\u0131 dolan kurslar a\u00e7\u0131lacak ve kesin kay\u0131t i\u015flemleri y\u00fcz y\u00fcze ger\u00e7ekle\u015ftirilecek.<\/p>\n<p>\u00a0<\/p>\n<p>\u00a0<\/p>\n<p>Kaynak: (BYZHA) Beyaz Haber Ajans\u0131<\/p>\n","protected":false},"excerpt":{"rendered":"<p>Maltepe Belediyesi, yeni k\u00fclt\u00fcr ve sanat sezonu kapsam\u0131nda d\u00fczenleyece\u011fi kurslar i\u00e7in \u00f6n kay\u0131t s\u00fcrecini ba\u015flatt\u0131.<\/p>\n","protected":false},"author":1,"featured_media":4214,"comment_status":"open","ping_status":"open","sticky":false,"template":"","format":"standard","meta":{"footnotes":""},"categories":[20],"tags":[],"class_list":["post-4213","post","type-post","status-publish","format-standard","has-post-thumbnail","hentry","category-kultur-sanat"],"_links":{"self":[{"href":"https:\/\/busondakika.com.tr\/index.php?rest_route=\/wp\/v2\/posts\/4213","targetHints":{"allow":["GET"]}}],"collection":[{"href":"https:\/\/busondakika.com.tr\/index.php?rest_route=\/wp\/v2\/posts"}],"about":[{"href":"https:\/\/busondakika.com.tr\/index.php?rest_route=\/wp\/v2\/types\/post"}],"author":[{"embeddable":true,"href":"https:\/\/busondakika.com.tr\/index.php?rest_route=\/wp\/v2\/users\/1"}],"replies":[{"embeddable":true,"href":"https:\/\/busondakika.com.tr\/index.php?rest_route=%2Fwp%2Fv2%2Fcomments&post=4213"}],"version-history":[{"count":1,"href":"https:\/\/busondakika.com.tr\/index.php?rest_route=\/wp\/v2\/posts\/4213\/revisions"}],"predecessor-version":[{"id":4215,"href":"https:\/\/busondakika.com.tr\/index.php?rest_route=\/wp\/v2\/posts\/4213\/revisions\/4215"}],"wp:featuredmedia":[{"embeddable":true,"href":"https:\/\/busondakika.com.tr\/index.php?rest_route=\/wp\/v2\/media\/4214"}],"wp:attachment":[{"href":"https:\/\/busondakika.com.tr\/index.php?rest_route=%2Fwp%2Fv2%2Fmedia&parent=4213"}],"wp:term":[{"taxonomy":"category","embeddable":true,"href":"https:\/\/busondakika.com.tr\/index.php?rest_route=%2Fwp%2Fv2%2Fcategories&post=4213"},{"taxonomy":"post_tag","embeddable":true,"href":"https:\/\/busondakika.com.tr\/index.php?rest_route=%2Fwp%2Fv2%2Ftags&post=4213"}],"curies":[{"name":"wp","href":"https:\/\/api.w.org\/{rel}","templated":true}]}}