{"id":4216,"date":"2026-03-17T09:12:40","date_gmt":"2026-03-17T09:12:40","guid":{"rendered":"https:\/\/busondakika.com.tr\/?p=4216"},"modified":"2026-03-17T09:12:40","modified_gmt":"2026-03-17T09:12:40","slug":"niluferliler-kadir-gecesinin-maneviyatini-yasadi","status":"publish","type":"post","link":"https:\/\/busondakika.com.tr\/?p=4216","title":{"rendered":"Nil\u00fcferliler Kadir Gecesi\u2019nin maneviyat\u0131n\u0131 ya\u015fad\u0131"},"content":{"rendered":"<p> Nil\u00fcfer Belediyesi, Ramazan ay\u0131n\u0131n yard\u0131mla\u015fma ve dayan\u0131\u015fma ruhunu Kadir Gecesi\u2019nde de s\u00fcrd\u00fcrd\u00fc. 17 farkl\u0131 noktada kurulan \u00e7ad\u0131rlarda vatanda\u015flara 8 bin kandil simidi ikram edildi.<\/p>\n<p>Nil\u00fcfer Belediyesi, Kadir Gecesi\u2019nde vatanda\u015flar\u0131n manevi hislerine ortak oldu. Ramazan ay\u0131 boyunca s\u00fcren birlik ve beraberlik iklimi, cami bah\u00e7elerinde kurulan ikram noktalar\u0131yla devam etti.<\/p>\n<p>Ataevler, Cumhuriyet, Fethiye, I\u015f\u0131ktepe, G\u00f6k\u00e7e, B\u00fcy\u00fckbal\u0131kl\u0131, Konakl\u0131, \u00c7ayl\u0131, Bad\u0131rga, Demirci, K\u00fclt\u00fcr, \u00dcr\u00fcnl\u00fc, Tahtal\u0131, Karacoba, Ba\u015fk\u00f6y, \u00c7atala\u011f\u0131l, G\u00f6lyaz\u0131 mahallelerinde ger\u00e7ekle\u015ftirilen programlarda, teravih namaz\u0131 sonras\u0131 vatanda\u015flara toplam 8 bin kandil simidi da\u011f\u0131t\u0131ld\u0131. Nil\u00fcfer halk\u0131n\u0131n yo\u011fun ilgi g\u00f6sterdi\u011fi ikramlarda, dayan\u0131\u015fman\u0131n ve payla\u015fman\u0131n g\u00fczel bir \u00f6rne\u011fi ya\u015fand\u0131.<\/p>\n<p>Payla\u015f\u0131m noktalar\u0131nda Nil\u00fcfer Belediyesi Meclis \u00dcyeleri Bar\u0131\u015f \u00d6zt\u00fcrk, \u00d6zlem Akba\u015f \u00d6nsoy, Resul Tarman, Ata Erk \u015eanl\u0131, Mehtap Esen, Salih G\u00fcle\u00e7, Onur Uslu, Ak\u0131n Uluda\u011f ve Ekrem Erk yer alarak, vatanda\u015flar\u0131n Kadir Gecesi\u2019ni tebrik etti.<\/p>\n<p>\u00a0<\/p>\n<p>Kaynak: (BYZHA) Beyaz Haber Ajans\u0131<\/p>\n","protected":false},"excerpt":{"rendered":"<p>Nil\u00fcfer Belediyesi, Ramazan ay\u0131n\u0131n yard\u0131mla\u015fma ve dayan\u0131\u015fma ruhunu Kadir Gecesi\u2019nde de s\u00fcrd\u00fcrd\u00fc.<\/p>\n","protected":false},"author":1,"featured_media":4217,"comment_status":"open","ping_status":"open","sticky":false,"template":"","format":"standard","meta":{"footnotes":""},"categories":[20],"tags":[],"class_list":["post-4216","post","type-post","status-publish","format-standard","has-post-thumbnail","hentry","category-kultur-sanat"],"_links":{"self":[{"href":"https:\/\/busondakika.com.tr\/index.php?rest_route=\/wp\/v2\/posts\/4216","targetHints":{"allow":["GET"]}}],"collection":[{"href":"https:\/\/busondakika.com.tr\/index.php?rest_route=\/wp\/v2\/posts"}],"about":[{"href":"https:\/\/busondakika.com.tr\/index.php?rest_route=\/wp\/v2\/types\/post"}],"author":[{"embeddable":true,"href":"https:\/\/busondakika.com.tr\/index.php?rest_route=\/wp\/v2\/users\/1"}],"replies":[{"embeddable":true,"href":"https:\/\/busondakika.com.tr\/index.php?rest_route=%2Fwp%2Fv2%2Fcomments&post=4216"}],"version-history":[{"count":1,"href":"https:\/\/busondakika.com.tr\/index.php?rest_route=\/wp\/v2\/posts\/4216\/revisions"}],"predecessor-version":[{"id":4218,"href":"https:\/\/busondakika.com.tr\/index.php?rest_route=\/wp\/v2\/posts\/4216\/revisions\/4218"}],"wp:featuredmedia":[{"embeddable":true,"href":"https:\/\/busondakika.com.tr\/index.php?rest_route=\/wp\/v2\/media\/4217"}],"wp:attachment":[{"href":"https:\/\/busondakika.com.tr\/index.php?rest_route=%2Fwp%2Fv2%2Fmedia&parent=4216"}],"wp:term":[{"taxonomy":"category","embeddable":true,"href":"https:\/\/busondakika.com.tr\/index.php?rest_route=%2Fwp%2Fv2%2Fcategories&post=4216"},{"taxonomy":"post_tag","embeddable":true,"href":"https:\/\/busondakika.com.tr\/index.php?rest_route=%2Fwp%2Fv2%2Ftags&post=4216"}],"curies":[{"name":"wp","href":"https:\/\/api.w.org\/{rel}","templated":true}]}}