{"id":4237,"date":"2026-03-17T09:33:08","date_gmt":"2026-03-17T09:33:08","guid":{"rendered":"https:\/\/busondakika.com.tr\/?p=4237"},"modified":"2026-03-17T09:33:09","modified_gmt":"2026-03-17T09:33:09","slug":"baskan-cercioglundan-ramazan-bayrami-oncesi-kusadasinda-yogun-calisma","status":"publish","type":"post","link":"https:\/\/busondakika.com.tr\/?p=4237","title":{"rendered":"Ba\u015fkan \u00c7er\u00e7io\u011flu&#8217;ndan Ramazan Bayram\u0131 \u00d6ncesi Ku\u015fadas\u0131\u2019nda Yo\u011fun \u00c7al\u0131\u015fma"},"content":{"rendered":"<p> Ayd\u0131n B\u00fcy\u00fck\u015fehir Belediyesi, Ramazan Bayram\u0131 \u00f6ncesinde bak\u0131m ve \u00e7evre d\u00fczenleme \u00e7al\u0131\u015fmalar\u0131n\u0131 aral\u0131ks\u0131z s\u00fcrd\u00fcr\u00fcyor. Kent genelinde planl\u0131 ve programl\u0131 bir \u015fekilde s\u00fcrd\u00fcr\u00fclen \u00e7al\u0131\u015fmalar kapsam\u0131nda Ku\u015fadas\u0131 il\u00e7esinde \u00e7evre d\u00fczenleme \u00e7al\u0131\u015fmas\u0131 ger\u00e7ekle\u015ftirildi.<\/p>\n<p>Ayd\u0131n B\u00fcy\u00fck\u015fehir Belediyesi \u00c7evre Koruma ve Kontrol Dairesi Ba\u015fkanl\u0131\u011f\u0131 ile Park ve Bah\u00e7eler Dairesi Ba\u015fkanl\u0131\u011f\u0131 ekipleri taraf\u0131ndan y\u00fcr\u00fct\u00fclen \u00e7al\u0131\u015fmalar \u00e7er\u00e7evesinde il\u00e7enin cadde ve bulvarlar\u0131, parklar\u0131, ye\u015fil alanlar\u0131 ile vatanda\u015flar\u0131n yo\u011fun olarak kulland\u0131\u011f\u0131 noktalar titizlikle temizlendi. Ekipler taraf\u0131ndan ger\u00e7ekle\u015ftirilen bak\u0131m, budama ve \u00e7evre d\u00fczenleme \u00e7al\u0131\u015fmalar\u0131 ile Ku\u015fadas\u0131 bayram \u00f6ncesinde p\u0131r\u0131l p\u0131r\u0131l oldu.<br \/>Ayd\u0131n B\u00fcy\u00fck\u015fehir Belediye Ba\u015fkan\u0131 \u00d6zlem \u00c7er\u00e7io\u011flu\u2019nun \u00f6nc\u00fcl\u00fc\u011f\u00fcnde ger\u00e7ekle\u015ftirilen \u00e7al\u0131\u015fmalar kapsam\u0131nda park ve ye\u015fil alanlarda bak\u0131m faaliyetleri yap\u0131ld\u0131. Ekipler, kent esteti\u011fini korumak ve vatanda\u015flar\u0131n bayram\u0131 daha temiz ve d\u00fczenli bir ortamda kar\u015f\u0131lamas\u0131n\u0131 sa\u011flamak i\u00e7in yo\u011fun mesai harcad\u0131.<\/p>\n<p>Ger\u00e7ekle\u015ftirilen \u00e7al\u0131\u015fmalardan memnuniyet duyduklar\u0131n\u0131 ifade eden vatanda\u015flar, Ayd\u0131n B\u00fcy\u00fck\u015fehir Belediye Ba\u015fkan\u0131 \u00d6zlem \u00c7er\u00e7io\u011flu\u2019na te\u015fekk\u00fcr etti.<\/p>\n<p><b>Ba\u015fkan \u00c7er\u00e7io\u011flu: 17 il\u00e7emizin tamam\u0131nda \u00e7al\u0131\u015fmalar\u0131m\u0131za devam edece\u011fiz<\/b><\/p>\n<p>Ayd\u0131n B\u00fcy\u00fck\u015fehir Belediye Ba\u015fkan\u0131 \u00d6zlem \u00c7er\u00e7io\u011flu, bayram \u00f6ncesinde ger\u00e7ekle\u015ftirilen \u00e7al\u0131\u015fmalar\u0131n t\u00fcm il\u00e7elerde devam edece\u011fini belirtti. Ba\u015fkan \u00c7er\u00e7io\u011flu,\u00a0<b>\u201cKentimizin d\u00f6rt bir yan\u0131nda \u00e7al\u0131\u015fmalar\u0131m\u0131z\u0131 aral\u0131ks\u0131z s\u00fcrd\u00fcr\u00fcyoruz. Kentimiz ve hem\u015fehrilerimiz i\u00e7in \u00e7al\u0131\u015fmaya, hizmet \u00fcretmeye devam edece\u011fiz. \u00c7al\u0131\u015fmalar\u0131m\u0131z 17 il\u00e7emizin tamam\u0131nda s\u00fcrecek\u201d<\/b>\u00a0ifadelerini kulland\u0131.<\/p>\n<p>\u00a0<\/p>\n<p>Kaynak: (BYZHA) Beyaz Haber Ajans\u0131<\/p>\n","protected":false},"excerpt":{"rendered":"<p>Ayd\u0131n B\u00fcy\u00fck\u015fehir Belediyesi, Ramazan Bayram\u0131 \u00f6ncesinde bak\u0131m ve \u00e7evre d\u00fczenleme \u00e7al\u0131\u015fmalar\u0131n\u0131 aral\u0131ks\u0131z s\u00fcrd\u00fcr\u00fcyor.<\/p>\n","protected":false},"author":1,"featured_media":4238,"comment_status":"open","ping_status":"open","sticky":false,"template":"","format":"standard","meta":{"footnotes":""},"categories":[21],"tags":[],"class_list":["post-4237","post","type-post","status-publish","format-standard","has-post-thumbnail","hentry","category-gundem"],"_links":{"self":[{"href":"https:\/\/busondakika.com.tr\/index.php?rest_route=\/wp\/v2\/posts\/4237","targetHints":{"allow":["GET"]}}],"collection":[{"href":"https:\/\/busondakika.com.tr\/index.php?rest_route=\/wp\/v2\/posts"}],"about":[{"href":"https:\/\/busondakika.com.tr\/index.php?rest_route=\/wp\/v2\/types\/post"}],"author":[{"embeddable":true,"href":"https:\/\/busondakika.com.tr\/index.php?rest_route=\/wp\/v2\/users\/1"}],"replies":[{"embeddable":true,"href":"https:\/\/busondakika.com.tr\/index.php?rest_route=%2Fwp%2Fv2%2Fcomments&post=4237"}],"version-history":[{"count":1,"href":"https:\/\/busondakika.com.tr\/index.php?rest_route=\/wp\/v2\/posts\/4237\/revisions"}],"predecessor-version":[{"id":4239,"href":"https:\/\/busondakika.com.tr\/index.php?rest_route=\/wp\/v2\/posts\/4237\/revisions\/4239"}],"wp:featuredmedia":[{"embeddable":true,"href":"https:\/\/busondakika.com.tr\/index.php?rest_route=\/wp\/v2\/media\/4238"}],"wp:attachment":[{"href":"https:\/\/busondakika.com.tr\/index.php?rest_route=%2Fwp%2Fv2%2Fmedia&parent=4237"}],"wp:term":[{"taxonomy":"category","embeddable":true,"href":"https:\/\/busondakika.com.tr\/index.php?rest_route=%2Fwp%2Fv2%2Fcategories&post=4237"},{"taxonomy":"post_tag","embeddable":true,"href":"https:\/\/busondakika.com.tr\/index.php?rest_route=%2Fwp%2Fv2%2Ftags&post=4237"}],"curies":[{"name":"wp","href":"https:\/\/api.w.org\/{rel}","templated":true}]}}