{"id":4243,"date":"2026-03-17T09:33:17","date_gmt":"2026-03-17T09:33:17","guid":{"rendered":"https:\/\/busondakika.com.tr\/?p=4243"},"modified":"2026-03-17T09:33:18","modified_gmt":"2026-03-17T09:33:18","slug":"kadir-gecesinde-gonuller-bir-oldu","status":"publish","type":"post","link":"https:\/\/busondakika.com.tr\/?p=4243","title":{"rendered":"Kadir Gecesi\u2019nde G\u00f6n\u00fcller Bir Oldu"},"content":{"rendered":"<p> Kahramankazan Belediye Ba\u015fkan\u0131 Selim \u00c7\u0131rpano\u011flu bu anlaml\u0131 gecede vatanda\u015flarla bir araya geldi. Hem\u015fehrileriyle sohbet eden Ba\u015fkan \u00c7\u0131rpano\u011flu, kandillerini tebrik etti. D\u00fczenlenen lokma ikram\u0131na belediye meclis \u00fcyeleri, ba\u015fkan yard\u0131mc\u0131lar\u0131 ve birim m\u00fcd\u00fcrleri de kat\u0131ld\u0131. \u015eehitler Camii ve Ulu Camii\u2019nde ger\u00e7ekle\u015ftirilen ikram program\u0131, vatanda\u015flardan yo\u011fun ilgi g\u00f6rd\u00fc. Manevi atmosferin hakim oldu\u011fu gecede birlik ve beraberlik duygular\u0131 \u00f6n plana \u00e7\u0131kt\u0131.<\/p>\n<p>Kadir Gecesi\u2019nin \u00f6nemine de\u011finen Ba\u015fkan \u00c7\u0131rpano\u011flu: \u201cBin aydan daha hay\u0131rl\u0131 olan bu m\u00fcbarek gecede hem\u015fehrilerimizle bir arada olmaktan b\u00fcy\u00fck mutluluk duyuyoruz. T\u00fcm hem\u015fehrilerimizin kandili m\u00fcbarek olsun. Bu m\u00fcbarek gecenin sa\u011fl\u0131k, huzur ve bereket getirmesini diliyorum.\u201d dedi.<\/p>\n<p>\u00a0<\/p>\n<p>Kaynak: (BYZHA) Beyaz Haber Ajans\u0131<\/p>\n","protected":false},"excerpt":{"rendered":"<p>Kahramankazan Belediye Ba\u015fkan\u0131 Selim \u00c7\u0131rpano\u011flu bu anlaml\u0131 gecede vatanda\u015flarla bir araya geldi.<\/p>\n","protected":false},"author":1,"featured_media":4244,"comment_status":"open","ping_status":"open","sticky":false,"template":"","format":"standard","meta":{"footnotes":""},"categories":[20],"tags":[],"class_list":["post-4243","post","type-post","status-publish","format-standard","has-post-thumbnail","hentry","category-kultur-sanat"],"_links":{"self":[{"href":"https:\/\/busondakika.com.tr\/index.php?rest_route=\/wp\/v2\/posts\/4243","targetHints":{"allow":["GET"]}}],"collection":[{"href":"https:\/\/busondakika.com.tr\/index.php?rest_route=\/wp\/v2\/posts"}],"about":[{"href":"https:\/\/busondakika.com.tr\/index.php?rest_route=\/wp\/v2\/types\/post"}],"author":[{"embeddable":true,"href":"https:\/\/busondakika.com.tr\/index.php?rest_route=\/wp\/v2\/users\/1"}],"replies":[{"embeddable":true,"href":"https:\/\/busondakika.com.tr\/index.php?rest_route=%2Fwp%2Fv2%2Fcomments&post=4243"}],"version-history":[{"count":1,"href":"https:\/\/busondakika.com.tr\/index.php?rest_route=\/wp\/v2\/posts\/4243\/revisions"}],"predecessor-version":[{"id":4245,"href":"https:\/\/busondakika.com.tr\/index.php?rest_route=\/wp\/v2\/posts\/4243\/revisions\/4245"}],"wp:featuredmedia":[{"embeddable":true,"href":"https:\/\/busondakika.com.tr\/index.php?rest_route=\/wp\/v2\/media\/4244"}],"wp:attachment":[{"href":"https:\/\/busondakika.com.tr\/index.php?rest_route=%2Fwp%2Fv2%2Fmedia&parent=4243"}],"wp:term":[{"taxonomy":"category","embeddable":true,"href":"https:\/\/busondakika.com.tr\/index.php?rest_route=%2Fwp%2Fv2%2Fcategories&post=4243"},{"taxonomy":"post_tag","embeddable":true,"href":"https:\/\/busondakika.com.tr\/index.php?rest_route=%2Fwp%2Fv2%2Ftags&post=4243"}],"curies":[{"name":"wp","href":"https:\/\/api.w.org\/{rel}","templated":true}]}}