{"id":4261,"date":"2026-03-17T09:53:40","date_gmt":"2026-03-17T09:53:40","guid":{"rendered":"https:\/\/busondakika.com.tr\/?p=4261"},"modified":"2026-03-17T09:53:41","modified_gmt":"2026-03-17T09:53:41","slug":"binlerce-menemenli-tek-yurek-oldu","status":"publish","type":"post","link":"https:\/\/busondakika.com.tr\/?p=4261","title":{"rendered":"Binlerce Menemenli tek y\u00fcrek oldu"},"content":{"rendered":"<p> Menemen Belediyesi taraf\u0131ndan \u015eehir Park\u0131&#8217;nda d\u00fczenlenen \u201cKadir Gecesi \u00f6zel\u201d iftar program\u0131 yo\u011fun kat\u0131l\u0131mla ger\u00e7ekle\u015fti. 15 bin ki\u015finin ayn\u0131 sofrada bulu\u015ftu\u011fu geleneksel iftar program\u0131nda konu\u015fan Menemen Belediye Ba\u015fkan\u0131 Ayd\u0131n Pehlivan, &#8220;Deste\u011finiz, inanc\u0131n\u0131z ve duan\u0131zla Menemen y\u00fcr\u00fcmeye, b\u00fcy\u00fcmeye ve kazanmaya devam edecek.&#8221; dedi.<\/p>\n<p>Menemen Belediyesi taraf\u0131ndan her y\u0131l Ramazan kapsam\u0131nda geleneksel hale getirilen Kadir Gecesi iftar\u0131, bu y\u0131l da binlerce Menemenliyi ayn\u0131 sofrada bulu\u015fturdu. Menemen \u015eehir Park\u0131&#8217;nda 15 bin ki\u015filik d\u00fczenlenen b\u00fcy\u00fck iftar program\u0131na Menemen Belediye Ba\u015fkan\u0131 Ayd\u0131n Pehlivan ile birlikte AK Parti Genel Sekreteri ve \u0130zmir Milletvekili Eyy\u00fcp Kadir \u0130nan, AK Parti Yerel Y\u00f6netimler Ba\u015fkan Yard\u0131mc\u0131s\u0131 ve \u0130zmir Milletvekili Ceyda B\u00f6l\u00fcnmez \u00c7ank\u0131r\u0131, AK Parti K\u00fclt\u00fcr Sanat Politikalar\u0131 Ba\u015fkan Yard\u0131mc\u0131s\u0131 ve \u0130zmir Milletvekili \u015eebnem Bursal\u0131 Aksoy, AK Parti MKYK \u00dcyesi Emre Cemil Ayval\u0131, Menemen Kaymakam\u0131 Vedat Y\u0131lmaz, Menemen Cumhuriyet Ba\u015fsavc\u0131s\u0131 H\u00fcseyin Ka\u00e7ar, AK Parti \u0130zmir \u0130l y\u00f6neticileri ve Menemen protokol\u00fcyle birlikte binlerce Menemenli vatanda\u015flar kat\u0131ld\u0131. Canl\u0131 icra edilen tasavvuf dinletisi ve semah ile ba\u015flayan Kadir Gecesi iftar\u0131, il\u00e7enin d\u00f6rt bir yan\u0131ndan vatanda\u015flar\u0131 bir araya getirdi.<\/p>\n<p><b>&#8220;Menemen i\u00e7in yapacak \u00e7ok i\u015fimiz var&#8221;<\/b><\/p>\n<p>Geni\u015f bir sofrada hem\u015fehrileriyle bir arada olman\u0131n mutlulu\u011funu ya\u015fad\u0131\u011f\u0131n\u0131 belirten Menemen Belediye Ba\u015fkan\u0131 Ayd\u0131n Pehlivan, &#8220;Ramazan; payla\u015fmakt\u0131r, hat\u0131rlamak ve g\u00f6n\u00fcller yapmakt\u0131r. Biz de bu Ramazan\u2019da; \u00f6\u011frencilerimizle, \u015fehit ailelerimizle, gazilerimizle, depremzede karde\u015flerimizle, ya\u015fl\u0131lar\u0131m\u0131zla, ihtiya\u00e7 sahibi ailelerimizle, yuvas\u0131n\u0131 yeni kuran gen\u00e7lerimizle bulu\u015ftuk. Menemen\u2019de kimseyi ay\u0131rmadan, kimseyi \u00f6tekile\u015ftirmeden, ayn\u0131 sofran\u0131n etraf\u0131nda bulu\u015fan kocaman bir aileyiz. A\u015fevimizin kazanlar\u0131nda Ramazan boyunca yakla\u015f\u0131k 300 bin ki\u015filik yemek pi\u015firip, kap\u0131 kap\u0131 ihtiya\u00e7 sahiplerine da\u011f\u0131tt\u0131k. Son bir y\u0131l\u0131m\u0131z\u0131n neredeyse her ay\u0131n\u0131 a\u00e7\u0131l\u0131\u015flarla ge\u00e7irdik. Bug\u00fcn Menemen; altyap\u0131s\u0131yla, \u00fcstyap\u0131s\u0131yla, sosyal ya\u015fam\u0131yla, k\u00fclt\u00fcr ve sanat etkinlikleriyle, spor yat\u0131r\u0131mlar\u0131yla, e\u011fitim projeleriyle T\u00fcrkiye\u2019nin parlayan y\u0131ld\u0131z\u0131 haline gelmi\u015ftir. Menemen i\u00e7in bizim daha yapacak \u00e7ok i\u015fimiz var. Menemen i\u00e7in kurdu\u011fumuz b\u00fcy\u00fck hayaller var. Bu \u015fehri gelece\u011fe ta\u015f\u0131yacak projelerimiz var. Bu yolda en b\u00fcy\u00fck g\u00fcc\u00fc sizlerden al\u0131yoruz. Deste\u011finiz, inanc\u0131n\u0131z ve duan\u0131zla Menemen y\u00fcr\u00fcmeye, b\u00fcy\u00fcmeye ve kazanmaya devam edecek. Bu ba\u015far\u0131; 7\u2019den 70\u2019e Menemen\u2019e g\u00f6n\u00fcl veren, bu \u015fehir i\u00e7in emek veren, ba\u015far\u0131m\u0131z bu kentin yar\u0131nlar\u0131 i\u00e7in dua eden t\u00fcm hem\u015fehrilerimizin ortak ba\u015far\u0131s\u0131d\u0131r.&#8221; dedi.<\/p>\n<p><b>&#8220;G\u00f6n\u00fcl belediyecili\u011fi olunca herkes kazan\u0131yor&#8221;<\/b><\/p>\n<p>AK Parti \u0130zmir Milletvekili \u015eebnem Bursal\u0131 Aksoy da &#8220;Bin aydan hay\u0131rl\u0131 bir ak\u015famda, bizleri ayn\u0131 sofrada, ayn\u0131 duada ve ayn\u0131 g\u00f6n\u00fcl ikliminde bulu\u015fturan \u00e7ok de\u011ferli Menemen Belediye Ba\u015fkan\u0131m\u0131z Ayd\u0131n Pehlivan&#8217;a te\u015fekk\u00fcr ediyorum. Yaparsa Menemen yapar, yaparsa AK Parti yapar, yaparsa Ayd\u0131n Pehlivan yapar. Bu m\u00fcbarek ak\u015famda \u00e7al\u0131\u015fkanl\u0131\u011f\u0131, gayreti ve hizmet a\u015fk\u0131yla \u0130zmir&#8217;de \u00f6rnek g\u00f6sterilen bir belediyenin ev sahipli\u011finde bu g\u00f6n\u00fcl sofras\u0131nda sizlerle birlikte oldu\u011fum i\u00e7in ayr\u0131 bir mutluluk i\u00e7indeyim. Menemen&#8217;de yap\u0131lan hizmetleri hepimiz g\u00f6r\u00fcyoruz. Her \u015fey bir hizmet seferberli\u011fi i\u00e7inde ilerliyor ve \u0130zmir&#8217;e de belediyecili\u011fin nas\u0131l yap\u0131laca\u011f\u0131 hakk\u0131nda \u00e7ok iyi bir \u00f6rnek veriyoruz. Do\u011fru y\u00f6netim olunca \u015fehir kazan\u0131yor, samimi hizmet olunca millet kazan\u0131yor, g\u00f6n\u00fcl belediyecili\u011fi olunca herkes kazan\u0131yor. AK Parti olarak \u0130zmir&#8217;de eser ve hizmet siyasetinin temsilcisi olmaya devam ediyoruz. Rabbim devletimizi g\u00fc\u00e7l\u00fc, milletimizi aziz k\u0131ls\u0131n.&#8221; dedi.<\/p>\n<p><b>&#8220;Menemen&#8217;in ba\u015far\u0131s\u0131, \u0130zmir&#8217;in uyan\u0131\u015f\u0131n\u0131n ilk k\u0131v\u0131lc\u0131m\u0131d\u0131r&#8221;<\/b><\/p>\n<p>Gecede konu\u015fan AK Parti \u0130zmir Milletvekili Ceyda B\u00f6l\u00fcnmez \u00c7ank\u0131r\u0131, &#8220;Bizler bug\u00fcn Menemen\u2019de \u00e7al\u0131\u015f\u0131nca nelerin de\u011fi\u015febilece\u011finin canl\u0131 \u015fahidi olarak bir araday\u0131z. K\u0131ymetli Ayd\u0131n Pehlivan Ba\u015fkan\u0131m\u0131zla Menemen, y\u0131llard\u0131r \u00fczerine giydirilmeye \u00e7al\u0131\u015f\u0131lan o hantal, o i\u015f \u00fcretmeyen &#8220;idare-i maslahat&#8221; g\u00f6mle\u011fini y\u0131rt\u0131p att\u0131. Sokaklar\u0131m\u0131zda y\u00fckselen her bir eser, d\u00f6k\u00fclen her metrek\u00fcp asfalt, asl\u0131nda bir anlay\u0131\u015f\u0131n devrimidir. Menemen, &#8220;\u0130zmir\u2019de belediyecilik yap\u0131lamaz, kaynak yok, engel var&#8221; diyenlerin y\u00fcz\u00fcne \u00e7arp\u0131lm\u0131\u015f en sert cevapt\u0131r. Bak\u0131n\u0131z; mazeretlerin arkas\u0131na saklananlar de\u011fil, \u00a0geceyi g\u00fcnd\u00fcze kat\u0131p milletin paras\u0131n\u0131 millete hizmete d\u00f6n\u00fc\u015ft\u00fcrenler bug\u00fcn bu meydanda aln\u0131 ak bir \u015fekilde oturuyor. Menemen\u2019in ba\u015far\u0131s\u0131, \u0130zmir\u2019in uyan\u0131\u015f\u0131n\u0131n ilk k\u0131v\u0131lc\u0131m\u0131d\u0131r.&#8221; dedi.<\/p>\n<p><b>&#8220;Ayd\u0131n Ba\u015fkan, pehlivan gibi hizmetleri Menemen&#8217;e kazand\u0131r\u0131yor&#8221;<\/b><\/p>\n<p>Sahnede alk\u0131\u015flarla kar\u015f\u0131lanan AK Parti Genel Sekreteri ve \u0130zmir Milletvekili Eyy\u00fcp Kadir \u0130nan ise &#8220;Milletvekili arkada\u015flar\u0131m\u0131zla birlikte se\u00e7ildi\u011fimiz ilk g\u00fcnden itibaren Menemen i\u00e7in, Menemenli \u00e7ocuklar i\u00e7in kollar\u0131 s\u0131vad\u0131k ve \u00e7al\u0131\u015fmaya gayret ediyoruz. Ayd\u0131n ba\u015fkan\u0131m\u0131z da soyad\u0131 gibi, pehlivan gibi hizmetleri Menemen&#8217;e kazand\u0131r\u0131yor. \u0130n\u015fallah \u00e7ok k\u0131sa bir s\u00fcre i\u00e7inde Ege B\u00f6lgesi&#8217;nin en b\u00fcy\u00fck k\u00fct\u00fcphanesini de Menemen&#8217;de hep birlikte hayata ge\u00e7irece\u011fiz. Menemen yat\u0131r\u0131mdan yat\u0131r\u0131ma kavu\u015furken, di\u011fer il\u00e7elerdeki vatanda\u015flar\u0131m\u0131z bu yerel hizmetlerden maalesef yararlanam\u0131yor. Maalesef Menemen&#8217;in gen\u00e7lerinin yararland\u0131\u011f\u0131 bu hizmetler, Konak&#8217;ta, Kar\u015f\u0131yaka&#8217;da, Bayrakl\u0131 ve \u00c7i\u011fli&#8217;de yok. \u0130n\u015fallah ilk se\u00e7imde Menemen&#8217;de ve Alia\u011fa&#8217;da yapt\u0131\u011f\u0131m\u0131z hizmetleri, \u0130zmir&#8217;in 30 il\u00e7esine kazand\u0131rmakta kararl\u0131y\u0131z.&#8221; dedi.<\/p>\n<p><b>Hac\u0131 R\u0131fat Yal\u00e7\u0131n Camii a\u00e7\u0131ld\u0131<\/b><\/p>\n<p>\u00d6te yandan iftar yeme\u011fi \u00f6ncesinde Menemen&#8217;de g\u00fcn\u00fcn anlam\u0131na uygun \u015fekilde k\u0131ymetli bir a\u00e7\u0131l\u0131\u015f ger\u00e7ekle\u015ftirildi. Ge\u00e7ti\u011fimiz y\u0131l hayat\u0131n\u0131 kaybeden i\u015f insan\u0131 Hac\u0131 R\u0131fat Yal\u00e7\u0131n ad\u0131na, Asarl\u0131k&#8217;ta Hac\u0131 R\u0131fat Yal\u00e7\u0131n Camii kap\u0131lar\u0131n\u0131 ibadete a\u00e7t\u0131. A\u00e7\u0131l\u0131\u015fa Menemen Belediye Ba\u015fkan\u0131 Ayd\u0131n Pehlivan ile birlikte AK Parti Genel Sekreteri ve \u0130zmir Milletvekili Eyy\u00fcp Kadir \u0130nan, AK Parti Yerel Y\u00f6netimler Ba\u015fkan Yard\u0131mc\u0131s\u0131 ve \u0130zmir Milletvekili Ceyda B\u00f6l\u00fcnmez \u00c7ank\u0131r\u0131, AK Parti K\u00fclt\u00fcr Sanat Politikalar\u0131 Ba\u015fkan Yard\u0131mc\u0131s\u0131 ve \u0130zmir Milletvekili \u015eebnem Bursal\u0131 Aksoy, AK Parti MKYK \u00dcyesi Emre Cemil Ayval\u0131, MHP \u0130zmir \u0130l Ba\u015fkan\u0131 Veysel \u015eahin, Menemen Kaymakam\u0131 Vedat Y\u0131lmaz, il\u00e7e protokol\u00fc, Yal\u00e7\u0131n ailesi ve Menemenliler kat\u0131ld\u0131.<\/p>\n<p><b>&#8220;En b\u00fcy\u00fck huzur, al bayra\u011f\u0131m\u0131z\u0131n ve minarelerimizin g\u00f6lgesinde bir arada olmakt\u0131r&#8221;<\/b><\/p>\n<p>Dualarla ger\u00e7ekle\u015fen a\u00e7\u0131l\u0131\u015fta konu\u015fan Menemen Belediye Ba\u015fkan\u0131 Ayd\u0131n Pehlivan, &#8220;Camilerimiz; huzur buldu\u011fumuz, kalplerimizi Rabbimize yakla\u015ft\u0131rd\u0131\u011f\u0131m\u0131z, karde\u015fli\u011fimizi, dayan\u0131\u015fmam\u0131z\u0131 ve birlik duygumuzu en g\u00fc\u00e7l\u00fc \u015fekilde ya\u015fad\u0131\u011f\u0131m\u0131z m\u00fcstesna mek\u00e2nlard\u0131r. Minarelerinden y\u00fckselen ezanlar, sadece bir \u00e7a\u011fr\u0131 de\u011fil; ayn\u0131 zamanda birli\u011fimizin, inanc\u0131m\u0131z\u0131n ve maneviyat\u0131m\u0131z\u0131n sembol\u00fcd\u00fcr. Menemen Belediyesi olarak bizler de Menemen M\u00fcft\u00fcl\u00fc\u011f\u00fcm\u00fcz ile birlikte camilerimizin ihtiya\u00e7lar\u0131n\u0131n giderilmesi, bak\u0131m\u0131 ve temizli\u011fi konusunda elimizden gelen deste\u011fi vermeye gayret ediyoruz. Bug\u00fcn Menemen; Mahkeme Camii\u2019nden Gazez Camii\u2019ne uzanan as\u0131rl\u0131k ibadethaneleriyle, ge\u00e7mi\u015ften ald\u0131\u011f\u0131 manevi miras\u0131 ya\u015fat\u0131rken; Hayk\u0131ran Ahmet Kahraman Camii\u2019nden bug\u00fcn a\u00e7\u0131l\u0131\u015f\u0131n\u0131 yapt\u0131\u011f\u0131m\u0131z Hac\u0131 R\u0131fat Yal\u00e7\u0131n Camii\u2019ne kadar yeni eserleriyle de dinine, diyanetine ve maneviyat\u0131na sahip \u00e7\u0131kan g\u00fc\u00e7l\u00fc bir \u015fehir olma yolunda ilerlemektedir. Bizler i\u00e7in en b\u00fcy\u00fck huzur; al bayra\u011f\u0131m\u0131z\u0131n ve minarelerimizin g\u00f6lgesinde bir arada olmakt\u0131r. Rabbim bu camiden ezan\u0131 eksik etmesin, cemaatini daim ve bol k\u0131ls\u0131n. Hac\u0131 R\u0131fat Yal\u00e7\u0131n Camii\u2019miz il\u00e7emize hay\u0131rl\u0131 ve u\u011furlu olsun.&#8221; dedi.<\/p>\n<p>\u00a0<\/p>\n<p>Kaynak: (BYZHA) Beyaz Haber Ajans\u0131<\/p>\n","protected":false},"excerpt":{"rendered":"<p>Menemen Belediyesi taraf\u0131ndan \u015eehir Park\u0131&#8217;nda d\u00fczenlenen \u201cKadir Gecesi \u00f6zel\u201d iftar program\u0131 yo\u011fun kat\u0131l\u0131mla ger\u00e7ekle\u015fti.<\/p>\n","protected":false},"author":1,"featured_media":4262,"comment_status":"open","ping_status":"open","sticky":false,"template":"","format":"standard","meta":{"footnotes":""},"categories":[20],"tags":[],"class_list":["post-4261","post","type-post","status-publish","format-standard","has-post-thumbnail","hentry","category-kultur-sanat"],"_links":{"self":[{"href":"https:\/\/busondakika.com.tr\/index.php?rest_route=\/wp\/v2\/posts\/4261","targetHints":{"allow":["GET"]}}],"collection":[{"href":"https:\/\/busondakika.com.tr\/index.php?rest_route=\/wp\/v2\/posts"}],"about":[{"href":"https:\/\/busondakika.com.tr\/index.php?rest_route=\/wp\/v2\/types\/post"}],"author":[{"embeddable":true,"href":"https:\/\/busondakika.com.tr\/index.php?rest_route=\/wp\/v2\/users\/1"}],"replies":[{"embeddable":true,"href":"https:\/\/busondakika.com.tr\/index.php?rest_route=%2Fwp%2Fv2%2Fcomments&post=4261"}],"version-history":[{"count":1,"href":"https:\/\/busondakika.com.tr\/index.php?rest_route=\/wp\/v2\/posts\/4261\/revisions"}],"predecessor-version":[{"id":4263,"href":"https:\/\/busondakika.com.tr\/index.php?rest_route=\/wp\/v2\/posts\/4261\/revisions\/4263"}],"wp:featuredmedia":[{"embeddable":true,"href":"https:\/\/busondakika.com.tr\/index.php?rest_route=\/wp\/v2\/media\/4262"}],"wp:attachment":[{"href":"https:\/\/busondakika.com.tr\/index.php?rest_route=%2Fwp%2Fv2%2Fmedia&parent=4261"}],"wp:term":[{"taxonomy":"category","embeddable":true,"href":"https:\/\/busondakika.com.tr\/index.php?rest_route=%2Fwp%2Fv2%2Fcategories&post=4261"},{"taxonomy":"post_tag","embeddable":true,"href":"https:\/\/busondakika.com.tr\/index.php?rest_route=%2Fwp%2Fv2%2Ftags&post=4261"}],"curies":[{"name":"wp","href":"https:\/\/api.w.org\/{rel}","templated":true}]}}