{"id":4267,"date":"2026-03-17T10:07:11","date_gmt":"2026-03-17T10:07:11","guid":{"rendered":"https:\/\/busondakika.com.tr\/?p=4267"},"modified":"2026-03-17T10:07:12","modified_gmt":"2026-03-17T10:07:12","slug":"bakan-bolat-istaf-iftarinda-konustu-bir-sofra-binlerce-dua-dunyaya-umut-oldu","status":"publish","type":"post","link":"https:\/\/busondakika.com.tr\/?p=4267","title":{"rendered":"Bakan Bolat \u0130STAF \u0130ftar\u0131nda Konu\u015ftu \u201cBir Sofra Binlerce Dua\u201d D\u00fcnyaya Umut Oldu"},"content":{"rendered":"<p> \u00a0\u0130stanbul\u2019da ger\u00e7ekle\u015ftirilen programa siyaset, b\u00fcrokrasi, akademi, i\u015f d\u00fcnyas\u0131, sanat ve medya camias\u0131ndan \u00e7ok say\u0131da davetli kat\u0131ld\u0131. Programa; Ticaret Bakan\u0131 Prof. Dr. \u00d6mer Bolat, TBMM \u0130dare Amiri \u0130stanbul Milletvekili Hasan Turan, 24. D\u00f6nem \u0130stanbul Milletvekili G\u00fclay Dalyan, \u0130stanbul Vali Yard\u0131mc\u0131s\u0131 Hasan G\u00f6zen, Bayrampa\u015fa Kaymakam\u0131 Abdullah \u00c7ift\u00e7i, \u00d6nceki D\u00f6nem Bayrampa\u015fa Belediye Ba\u015fkan\u0131 Atilla Ayd\u0131ner, AK Parti Bayrampa\u015fa \u0130l\u00e7e Ba\u015fkan\u0131 Mehmet Acar, \u0130stanbul Teknik \u00dcniversitesi Rekt\u00f6r\u00fc Prof. Dr. Hasan Mandal, Dekan Prof. Dr. Salim Y\u00fcce, \u0130stanbul K\u0131z\u0131lay \u0130l Ba\u015fkan\u0131 Burcu K\u00f6sem, Merkez Bankas\u0131 Para Politikas\u0131 Kurulu \u00dcyesi Prof. Dr. Elif Hayk\u0131r Hobiko\u011flu ile birlikte hakim ve savc\u0131lar, kamu kurumlar\u0131n\u0131n il ve il\u00e7e y\u00f6neticileri, siyasi parti temsilcileri, akademisyenler ile i\u015f ve sanat d\u00fcnyas\u0131ndan \u00e7ok say\u0131da se\u00e7kin davetli kat\u0131ld\u0131. Programda konu\u015fan Bakan Bolat, g\u00f6n\u00fcll\u00fcl\u00fck ve toplumsal dayan\u0131\u015fman\u0131n \u00f6nemine dikkat \u00e7ekerek Peygamber Efendimizin \u201c\u0130nsanlar\u0131n en hay\u0131rl\u0131s\u0131 insanlara faydal\u0131 oland\u0131r\u201d hadisini hat\u0131rlatt\u0131 ve topluma hizmet etmenin b\u00fcy\u00fck bir sorumluluk oldu\u011funu vurgulad\u0131. \u201cFilistinli Karde\u015flerimizin Ac\u0131s\u0131 Hepimizin Ac\u0131s\u0131d\u0131r\u201d Ramazan ay\u0131n\u0131n birlik ve payla\u015fma ruhuna vurgu yapan Bolat, Gazze ba\u015fta olmak \u00fczere \u0130slam d\u00fcnyas\u0131nda ya\u015fanan ac\u0131lara de\u011finerek \u015fu ifadeleri kulland\u0131: \u201cBombalar alt\u0131nda ya\u015fam m\u00fccadelesi veren Filistinli karde\u015flerimizin durumunu d\u00fc\u015f\u00fcnd\u00fck\u00e7e, onlara kar\u015f\u0131 sorumlulu\u011fumuzun ne kadar b\u00fcy\u00fck oldu\u011funu bir kez daha hissediyoruz.\u201d \u201cT\u00fcrkiye B\u00f6lgesinde \u0130stikrar\u0131n Merkezi\u201d Konu\u015fmas\u0131nda T\u00fcrkiye\u2019nin b\u00f6lgesel rol\u00fcne de de\u011finen Bakan Bolat, T\u00fcrkiye\u2019nin g\u00fc\u00e7l\u00fc y\u00f6netimi, ekonomisi ve savunma sanayisiyle b\u00f6lgesinde istikrar\u0131n merkezi haline geldi\u011fini ifade etti. Bolat, Cumhurba\u015fkan\u0131 Recep Tayyip Erdo\u011fan\u2019\u0131n liderli\u011finde T\u00fcrkiye\u2019nin uluslararas\u0131 alanda sayg\u0131n ve g\u00fc\u00e7l\u00fc bir konuma ula\u015ft\u0131\u011f\u0131n\u0131 vurgulad\u0131. \u201cBat\u0131da Korumac\u0131l\u0131k Art\u0131yor\u201d K\u00fcresel ekonomide artan rekabete dikkat \u00e7eken Bolat \u015funlar\u0131 s\u00f6yledi: \u201cBat\u0131da korumac\u0131l\u0131k r\u00fczgarlar\u0131 h\u0131zla art\u0131yor. Bu durum ihracat kanallar\u0131m\u0131z\u0131 zorla\u015ft\u0131r\u0131yor. Do\u011fudan da g\u00fc\u00e7l\u00fc bir rekabet geliyor. Bu nedenle d\u0131\u015f ticaretimizi geli\u015ftirmek, cari i\u015flemlerde dengeli ve istikrarl\u0131 bir yap\u0131 olu\u015fturmak zorunday\u0131z.\u201d \u0130STAF Ba\u015fkan\u0131 Dr. Yakup Y\u0131lmaz: \u201c\u0130yilik ve Dayan\u0131\u015fma Sofras\u0131nda Bulu\u015ftuk\u201d \u0130STAF Ba\u015fkan\u0131 Dr. Yakup Y\u0131lmaz, programda yapt\u0131\u011f\u0131 konu\u015fmada Ramazan ay\u0131n\u0131n payla\u015fma ve karde\u015flik ruhunu ya\u015fatmak amac\u0131yla her y\u0131l bu bulu\u015fmay\u0131 ger\u00e7ekle\u015ftirdiklerini ifade etti. Dr. Y\u0131lmaz, \u0130STAF\u2019\u0131n yaln\u0131zca T\u00fcrkiye\u2019de de\u011fil d\u00fcnyan\u0131n farkl\u0131 co\u011frafyalar\u0131nda da insani yard\u0131m ve dayan\u0131\u015fma faaliyetleri y\u00fcr\u00fctt\u00fc\u011f\u00fcn\u00fc belirterek \u015funlar\u0131 s\u00f6yledi: \u201cRamazan ay\u0131, sadece ayn\u0131 sofrada bulu\u015fmak de\u011fil, g\u00f6n\u00fclleri birle\u015ftirmek demektir. Bu y\u0131l da \u0130STAF olarak \u2018Bir Sofra Binlerce Dua\u2019 anlay\u0131\u015f\u0131yla Gazze, Suriye ve Afrika\u2019da binlerce \u00e7ocuk i\u00e7in iftar sofralar\u0131 kurduk. Amac\u0131m\u0131z, iyili\u011fi ve dayan\u0131\u015fmay\u0131 s\u0131n\u0131rlar\u0131n \u00f6tesine ta\u015f\u0131makt\u0131r.\u201d \u0130STAF\u2019\u0131n bilim, d\u00fc\u015f\u00fcnce ve sanat alanlar\u0131nda y\u00fcr\u00fctt\u00fc\u011f\u00fc \u00e7al\u0131\u015fmalarla toplumsal fayday\u0131 b\u00fcy\u00fctmeyi hedefledi\u011fini ifade eden Y\u0131lmaz, birlik ve beraberli\u011fin \u00f6nemine dikkat \u00e7ekti. Program Hat\u0131ra Foto\u011fraf\u0131 ile Sona Erdi Konu\u015fmalar\u0131n ard\u0131ndan Ticaret Bakan\u0131 Prof. Dr. \u00d6mer Bolat\u2019a g\u00fcn\u00fcn an\u0131s\u0131na hediye takdim edildi ve program hat\u0131ra foto\u011fraf\u0131 \u00e7ekimi ile sona erdi.<\/p>\n<p>Kaynak: (BYZHA) Beyaz Haber Ajans\u0131<\/p>\n","protected":false},"excerpt":{"rendered":"<p>\u00a0\u0130stanbul\u2019da ger\u00e7ekle\u015ftirilen programa siyaset, b\u00fcrokrasi, akademi, i\u015f d\u00fcnyas\u0131, sanat ve medya camias\u0131ndan \u00e7ok say\u0131da davetli kat\u0131ld\u0131.<\/p>\n","protected":false},"author":1,"featured_media":4268,"comment_status":"open","ping_status":"open","sticky":false,"template":"","format":"standard","meta":{"footnotes":""},"categories":[21],"tags":[],"class_list":["post-4267","post","type-post","status-publish","format-standard","has-post-thumbnail","hentry","category-gundem"],"_links":{"self":[{"href":"https:\/\/busondakika.com.tr\/index.php?rest_route=\/wp\/v2\/posts\/4267","targetHints":{"allow":["GET"]}}],"collection":[{"href":"https:\/\/busondakika.com.tr\/index.php?rest_route=\/wp\/v2\/posts"}],"about":[{"href":"https:\/\/busondakika.com.tr\/index.php?rest_route=\/wp\/v2\/types\/post"}],"author":[{"embeddable":true,"href":"https:\/\/busondakika.com.tr\/index.php?rest_route=\/wp\/v2\/users\/1"}],"replies":[{"embeddable":true,"href":"https:\/\/busondakika.com.tr\/index.php?rest_route=%2Fwp%2Fv2%2Fcomments&post=4267"}],"version-history":[{"count":1,"href":"https:\/\/busondakika.com.tr\/index.php?rest_route=\/wp\/v2\/posts\/4267\/revisions"}],"predecessor-version":[{"id":4269,"href":"https:\/\/busondakika.com.tr\/index.php?rest_route=\/wp\/v2\/posts\/4267\/revisions\/4269"}],"wp:featuredmedia":[{"embeddable":true,"href":"https:\/\/busondakika.com.tr\/index.php?rest_route=\/wp\/v2\/media\/4268"}],"wp:attachment":[{"href":"https:\/\/busondakika.com.tr\/index.php?rest_route=%2Fwp%2Fv2%2Fmedia&parent=4267"}],"wp:term":[{"taxonomy":"category","embeddable":true,"href":"https:\/\/busondakika.com.tr\/index.php?rest_route=%2Fwp%2Fv2%2Fcategories&post=4267"},{"taxonomy":"post_tag","embeddable":true,"href":"https:\/\/busondakika.com.tr\/index.php?rest_route=%2Fwp%2Fv2%2Ftags&post=4267"}],"curies":[{"name":"wp","href":"https:\/\/api.w.org\/{rel}","templated":true}]}}