{"id":4321,"date":"2026-03-17T10:39:37","date_gmt":"2026-03-17T10:39:37","guid":{"rendered":"https:\/\/busondakika.com.tr\/?p=4321"},"modified":"2026-03-17T10:39:37","modified_gmt":"2026-03-17T10:39:37","slug":"yenisehirde-dualar-semaya-ikramlar-kalbe-dokundu","status":"publish","type":"post","link":"https:\/\/busondakika.com.tr\/?p=4321","title":{"rendered":"Yeni\u015fehir&#8217;de dualar semaya, ikramlar kalbe dokundu!"},"content":{"rendered":"\n<p style=\"margin-bottom:11px\"><span style=\"font-size:11pt\"><span style=\"line-height:107%\"><span style=\"font-family:Calibri,sans-serif\">Mersin Yeni\u015fehir Belediyesi, Kadir Gecesi\u2019nde bu y\u0131l da gelene\u011fi bozmad\u0131. Sosyal Hizmetler M\u00fcd\u00fcrl\u00fc\u011f\u00fc ekiplerinin haz\u0131rlad\u0131\u011f\u0131 binlerce kandil simidi paketi, il\u00e7enin d\u00f6rt bir yan\u0131ndaki camilerde vatanda\u015flara ula\u015ft\u0131r\u0131ld\u0131. Namaz \u00e7\u0131k\u0131\u015f\u0131nda kar\u015f\u0131lar\u0131nda belediye ekiplerini ve ikram stantlar\u0131n\u0131 bulan vatanda\u015flar, manevi iklimin tad\u0131n\u0131 hep birlikte \u00e7\u0131kard\u0131.<\/span><\/span><\/span><\/p>\n<p style=\"margin-bottom:11px\"><span style=\"font-size:11pt\"><span style=\"line-height:107%\"><span style=\"font-family:Calibri,sans-serif\">Yeni\u015fehir Belediyesi ekipleri taraf\u0131ndan Kadir Gecesi dolay\u0131s\u0131yla \u200bTeravih namaz\u0131n\u0131n ard\u0131ndan cami avlular\u0131nda kurulan ikram noktalar\u0131nda yurtta\u015flara binlerce paket kandil simidi da\u011f\u0131t\u0131ld\u0131. \u00d6zellikle \u00e7ocuklar\u0131n ve ya\u015fl\u0131lar\u0131n ilgi g\u00f6sterdi\u011fi etkinlikte, Kadir Gecesi\u2019nin birle\u015ftirici g\u00fcc\u00fc bir kez daha hissedildi. \u0130l\u00e7e sakinleri, belediyenin organizasyonundan duyduklar\u0131 memnuniyeti dile getirerek, Yeni\u015fehir Belediyesi&#8217;ne te\u015fekk\u00fcrlerini iletti.<\/span><\/span><\/span><\/p>\n<p style=\"margin-bottom:11px\"><span style=\"font-size:11pt\"><span style=\"line-height:107%\"><span style=\"font-family:Calibri,sans-serif\">BA\u015eKAN \u00d6ZY\u0130\u011e\u0130T: &#8220;G\u00d6N\u00dcL K\u00d6PR\u00dcLER\u0130M\u0130Z\u0130 SA\u011eLAM TUTUYORUZ&#8221;<\/span><\/span><\/span><\/p>\n<p style=\"margin-bottom:11px\"><span style=\"font-size:11pt\"><span style=\"line-height:107%\"><span style=\"font-family:Calibri,sans-serif\">Yurtta\u015flar\u0131n Kadir Gecesi\u2019ni kutlayan Yeni\u015fehir Belediye Ba\u015fkan\u0131 Abdullah \u00d6zyi\u011fit, mesaj\u0131nda bar\u0131\u015f ve karde\u015flik vurgusu yapt\u0131. Ba\u015fkan \u00d6zyi\u011fit, \u200b&#8221;Yurtta\u015flar\u0131m\u0131zla g\u00f6n\u00fcl k\u00f6pr\u00fclerimizi sa\u011flam tutuyoruz. G\u00f6revimiz, sadece hizmet \u00fcretmek de\u011fil, hem\u015fehrilerimizin manevi g\u00fcnlerinde de yan\u0131nda olmakt\u0131r. Bu m\u00fcbarek gecede cami avlular\u0131nda payla\u015ft\u0131\u011f\u0131m\u0131z o s\u0131cak kandil simitleri, sadece bir ikram de\u011fil; karde\u015fli\u011fimizin, kadim geleneklerimizin ve bir lokmay\u0131 b\u00f6l\u00fc\u015fmenin o e\u015fsiz huzurudur. \u0130stedik ki; bu m\u00fcbarek gecede camilerimizden \u00e7\u0131kan her hem\u015fehrimizin y\u00fcz\u00fcnde bir tebess\u00fcm, g\u00f6nl\u00fcnde bir par\u00e7a s\u0131cakl\u0131k olsun. Kadir Gecemizin t\u00fcm insanl\u0131\u011fa huzur, bar\u0131\u015f ve bereket getirmesini; dualar\u0131m\u0131z\u0131n kabul olmas\u0131n\u0131 diliyorum&#8221; dedi.<\/span><\/span><\/span><\/p>\n<p style=\"margin-bottom:11px\">\u00a0<\/p>\n<p style=\"margin-bottom:11px\">\u00a0<\/p>\n<p>Kaynak: (BYZHA) Beyaz Haber Ajans\u0131<\/p>\n","protected":false},"excerpt":{"rendered":"<p>Mersin Yeni\u015fehir Belediyesi, Kadir Gecesi\u2019nde bu y\u0131l da gelene\u011fi bozmad\u0131.<\/p>\n","protected":false},"author":1,"featured_media":4322,"comment_status":"open","ping_status":"open","sticky":false,"template":"","format":"standard","meta":{"footnotes":""},"categories":[20],"tags":[],"class_list":["post-4321","post","type-post","status-publish","format-standard","has-post-thumbnail","hentry","category-kultur-sanat"],"_links":{"self":[{"href":"https:\/\/busondakika.com.tr\/index.php?rest_route=\/wp\/v2\/posts\/4321","targetHints":{"allow":["GET"]}}],"collection":[{"href":"https:\/\/busondakika.com.tr\/index.php?rest_route=\/wp\/v2\/posts"}],"about":[{"href":"https:\/\/busondakika.com.tr\/index.php?rest_route=\/wp\/v2\/types\/post"}],"author":[{"embeddable":true,"href":"https:\/\/busondakika.com.tr\/index.php?rest_route=\/wp\/v2\/users\/1"}],"replies":[{"embeddable":true,"href":"https:\/\/busondakika.com.tr\/index.php?rest_route=%2Fwp%2Fv2%2Fcomments&post=4321"}],"version-history":[{"count":1,"href":"https:\/\/busondakika.com.tr\/index.php?rest_route=\/wp\/v2\/posts\/4321\/revisions"}],"predecessor-version":[{"id":4323,"href":"https:\/\/busondakika.com.tr\/index.php?rest_route=\/wp\/v2\/posts\/4321\/revisions\/4323"}],"wp:featuredmedia":[{"embeddable":true,"href":"https:\/\/busondakika.com.tr\/index.php?rest_route=\/wp\/v2\/media\/4322"}],"wp:attachment":[{"href":"https:\/\/busondakika.com.tr\/index.php?rest_route=%2Fwp%2Fv2%2Fmedia&parent=4321"}],"wp:term":[{"taxonomy":"category","embeddable":true,"href":"https:\/\/busondakika.com.tr\/index.php?rest_route=%2Fwp%2Fv2%2Fcategories&post=4321"},{"taxonomy":"post_tag","embeddable":true,"href":"https:\/\/busondakika.com.tr\/index.php?rest_route=%2Fwp%2Fv2%2Ftags&post=4321"}],"curies":[{"name":"wp","href":"https:\/\/api.w.org\/{rel}","templated":true}]}}