{"id":4330,"date":"2026-03-17T11:14:58","date_gmt":"2026-03-17T11:14:58","guid":{"rendered":"https:\/\/busondakika.com.tr\/?p=4330"},"modified":"2026-03-17T11:14:59","modified_gmt":"2026-03-17T11:14:59","slug":"mukaddes-emanetler-beyaz-kalpleri-duygulandirdi","status":"publish","type":"post","link":"https:\/\/busondakika.com.tr\/?p=4330","title":{"rendered":"Mukaddes emanetler Beyaz Kalpleri duyguland\u0131rd\u0131"},"content":{"rendered":"<p> Kocaeli B\u00fcy\u00fck\u015fehir Belediyesi b\u00fcnyesinde hizmet veren Beyaz Kalpler E\u011fitim ve Geli\u015fim Merkezi, SEKA \u0130htisas Merkezi\u2019nde ziyarete a\u00e7\u0131lan Mukaddes Emanetler Sergisi\u2019ni ziyaret etti. \u00d6\u011frenciler, hem tarihi hem de manevi de\u011feri y\u00fcksek emanetleri yak\u0131ndan inceleme f\u0131rsat\u0131 buldu.<\/p>\n<p><b>SAKAL-I \u015eER\u0130F\u2019\u0130 \u0130LK KEZ G\u00d6RD\u00dcLER<\/b><\/p>\n<p>Ger\u00e7ekle\u015ftirilen ziyaret kapsam\u0131nda \u00f6\u011frenciler, Peygamberimiz Hz. Muhammed\u2019e (S.A.V.) ait Sakal-\u0131 \u015eerif\u2019i ilk kez g\u00f6rmenin heyecan\u0131n\u0131 ya\u015fad\u0131. Sergide ayr\u0131ca \u201cK\u00e2be \u00d6rt\u00fcs\u00fc\u201d, \u201cK\u00e2be Topra\u011f\u0131\u201d, \u201cYaz\u0131l\u0131 Yemeni\u201d (Destim\u00e2l-i \u015eerif), \u201cTabut \u00d6rt\u00fcs\u00fc\u201d ve karanfil muhafazal\u0131, pi\u015fmi\u015f topraktan yap\u0131lm\u0131\u015f \u201cZemzemlik\u201d gibi k\u0131ymetli emanetler de yer ald\u0131. \u00d6\u011frenciler, bu eserleri yak\u0131ndan inceleyerek emanetlerin tarihi ve manevi \u00f6nemine ili\u015fkin bilgi ald\u0131.<\/p>\n<p><b>HAT SANATI ESERLER\u0130 DE \u0130NCELEND\u0130<\/b><\/p>\n<p>Mukaddes emanetlerin yan\u0131 s\u0131ra SEKA \u0130htisas Merkezi\u2019nde ziyaret\u00e7ilere sunulan \u201cRamazan ve Ramazaniyyeler Yazma Eserler Sergisi\u201d \u00f6\u011frenciler taraf\u0131ndan ilgiyle gezilen bir ba\u015fka alan oldu. \u00c7e\u015fitli koleksiyonlardan se\u00e7ilen 32 eserin yer ald\u0131\u011f\u0131 b\u00f6l\u00fcmde \u00f6\u011frenciler, Osmanl\u0131 hat sanat\u0131n\u0131n \u00f6nemli isimlerine ait eserleri inceleyerek k\u00fclt\u00fcrel miras hakk\u0131nda bilgi edindi.<\/p>\n<p>\u00a0<\/p>\n<p>Kaynak: (BYZHA) Beyaz Haber Ajans\u0131<\/p>\n","protected":false},"excerpt":{"rendered":"<p>Kocaeli B\u00fcy\u00fck\u015fehir Belediyesi b\u00fcnyesinde hizmet veren Beyaz Kalpler E\u011fitim ve Geli\u015fim Merkezi, SEKA \u0130htisas Merkezi\u2019nde ziyarete a\u00e7\u0131lan Mukaddes Emanetler Sergisi\u2019ni ziyaret etti.<\/p>\n","protected":false},"author":1,"featured_media":4331,"comment_status":"open","ping_status":"open","sticky":false,"template":"","format":"standard","meta":{"footnotes":""},"categories":[20],"tags":[],"class_list":["post-4330","post","type-post","status-publish","format-standard","has-post-thumbnail","hentry","category-kultur-sanat"],"_links":{"self":[{"href":"https:\/\/busondakika.com.tr\/index.php?rest_route=\/wp\/v2\/posts\/4330","targetHints":{"allow":["GET"]}}],"collection":[{"href":"https:\/\/busondakika.com.tr\/index.php?rest_route=\/wp\/v2\/posts"}],"about":[{"href":"https:\/\/busondakika.com.tr\/index.php?rest_route=\/wp\/v2\/types\/post"}],"author":[{"embeddable":true,"href":"https:\/\/busondakika.com.tr\/index.php?rest_route=\/wp\/v2\/users\/1"}],"replies":[{"embeddable":true,"href":"https:\/\/busondakika.com.tr\/index.php?rest_route=%2Fwp%2Fv2%2Fcomments&post=4330"}],"version-history":[{"count":1,"href":"https:\/\/busondakika.com.tr\/index.php?rest_route=\/wp\/v2\/posts\/4330\/revisions"}],"predecessor-version":[{"id":4332,"href":"https:\/\/busondakika.com.tr\/index.php?rest_route=\/wp\/v2\/posts\/4330\/revisions\/4332"}],"wp:featuredmedia":[{"embeddable":true,"href":"https:\/\/busondakika.com.tr\/index.php?rest_route=\/wp\/v2\/media\/4331"}],"wp:attachment":[{"href":"https:\/\/busondakika.com.tr\/index.php?rest_route=%2Fwp%2Fv2%2Fmedia&parent=4330"}],"wp:term":[{"taxonomy":"category","embeddable":true,"href":"https:\/\/busondakika.com.tr\/index.php?rest_route=%2Fwp%2Fv2%2Fcategories&post=4330"},{"taxonomy":"post_tag","embeddable":true,"href":"https:\/\/busondakika.com.tr\/index.php?rest_route=%2Fwp%2Fv2%2Ftags&post=4330"}],"curies":[{"name":"wp","href":"https:\/\/api.w.org\/{rel}","templated":true}]}}