{"id":4333,"date":"2026-03-17T11:15:00","date_gmt":"2026-03-17T11:15:00","guid":{"rendered":"https:\/\/busondakika.com.tr\/?p=4333"},"modified":"2026-03-17T11:15:01","modified_gmt":"2026-03-17T11:15:01","slug":"kartepede-kadir-gecesine-ozel-program","status":"publish","type":"post","link":"https:\/\/busondakika.com.tr\/?p=4333","title":{"rendered":"Kartepe\u2019de Kadir Gecesi\u2019ne \u00d6zel Program"},"content":{"rendered":"<p> <strong>Ramazan ay\u0131n\u0131n kalbi olan Kadir Gecesi, Kartepe\u2019de d\u00fczenlenen \u00f6zel programla yo\u011fun kat\u0131l\u0131m ve derin bir manevi atmosfer e\u015fli\u011finde idrak edildi. Kartepe Meydan Camii\u2019nde ger\u00e7ekle\u015ftirilen programa vatanda\u015flar b\u00fcy\u00fck ilgi g\u00f6sterdi.<\/strong><\/p>\n<p><strong>Kur\u2019an-\u0131 Kerim Ziyafeti G\u00f6n\u00fclleri Fethetti<\/strong><\/p>\n<p>Gecenin manevi derinli\u011fi, D\u00fcnya Kur\u2019an-\u0131 Kerim okuma yar\u0131\u015fmalar\u0131nda derece elde etmi\u015f Abdurrahman Bozan, H\u00fcseyin \u00c7al\u0131\u015fkan\u2019\u0131n tilavetleriyle zirveye ula\u015ft\u0131. Kartepe Meydan Camii\u2019ni dolduran vatanda\u015flar, okunan ayetler ve yap\u0131lan dualarla Kadir Gecesi\u2019nin huzur ve bereketini hep birlikte payla\u015ft\u0131.<\/p>\n<p><strong>Yo\u011fun Kat\u0131l\u0131m<\/strong><\/p>\n<p>Programa Kartepe Belediye Ba\u015fkan\u0131 Av. M. Mustafa Kocaman\u2019\u0131n yan\u0131 s\u0131ra AK Parti \u0130l\u00e7e Ba\u015fkan\u0131 Murat Y\u0131lmaz, il\u00e7e y\u00f6neticileri, belediye meclis \u00fcyeleri, muhtarlar ve \u00e7ok say\u0131da vatanda\u015f kat\u0131ld\u0131. Ba\u015fkan Kocaman, teravih namaz\u0131 sonras\u0131 vatanda\u015flarla tek tek selamla\u015farak Kadir Gecesi\u2019ni tebrik etti.<\/p>\n<p><strong>Mukaddes Emanetler Ziyarete A\u00e7\u0131ld\u0131<\/strong><\/p>\n<p>Teravih namaz\u0131n\u0131n ard\u0131ndan Sakal-\u0131 \u015eerif, Sa\u00e7-\u0131 \u015eerif ve K\u00e2be \u00f6rt\u00fcs\u00fc Kartepe Meydan Camii\u2019nde ziyarete a\u00e7\u0131ld\u0131. Vatanda\u015flar, b\u00fcy\u00fck bir hu\u015fu i\u00e7erisinde mukaddes emanetleri ziyaret etti.<\/p>\n<p><strong>Kadir Gecesi\u2019nde G\u00f6n\u00fcller Bir Oldu<\/strong><\/p>\n<p>Program\u0131n sonunda Kartepe Belediyesi taraf\u0131ndan vatanda\u015flara tatl\u0131 ikram edildi. Kartepe Belediye Ba\u015fkan\u0131 Av. M. Mustafa Kocaman yapt\u0131\u011f\u0131 a\u00e7\u0131klamada \u201cBin aydan daha hay\u0131rl\u0131 olan bu gecede Kartepeli hem\u015fehrilerimizle ayn\u0131 safta bulu\u015fman\u0131n huzurunu ya\u015f\u0131yoruz. Bu anlaml\u0131 gecenin t\u00fcm \u0130slam \u00e2lemine sa\u011fl\u0131k, huzur ve bereket getirmesini diliyorum\u201d ifadelerini kulland\u0131.<\/p>\n<p>\u00a0<\/p>\n<p>\u00a0<\/p>\n<p>Kaynak: (BYZHA) Beyaz Haber Ajans\u0131<\/p>\n","protected":false},"excerpt":{"rendered":"<p>Ramazan ay\u0131n\u0131n kalbi olan Kadir Gecesi, Kartepe\u2019de d\u00fczenlenen \u00f6zel programla yo\u011fun kat\u0131l\u0131m ve derin bir manevi atmosfer e\u015fli\u011finde idrak edildi.<\/p>\n","protected":false},"author":1,"featured_media":4334,"comment_status":"open","ping_status":"open","sticky":false,"template":"","format":"standard","meta":{"footnotes":""},"categories":[20],"tags":[],"class_list":["post-4333","post","type-post","status-publish","format-standard","has-post-thumbnail","hentry","category-kultur-sanat"],"_links":{"self":[{"href":"https:\/\/busondakika.com.tr\/index.php?rest_route=\/wp\/v2\/posts\/4333","targetHints":{"allow":["GET"]}}],"collection":[{"href":"https:\/\/busondakika.com.tr\/index.php?rest_route=\/wp\/v2\/posts"}],"about":[{"href":"https:\/\/busondakika.com.tr\/index.php?rest_route=\/wp\/v2\/types\/post"}],"author":[{"embeddable":true,"href":"https:\/\/busondakika.com.tr\/index.php?rest_route=\/wp\/v2\/users\/1"}],"replies":[{"embeddable":true,"href":"https:\/\/busondakika.com.tr\/index.php?rest_route=%2Fwp%2Fv2%2Fcomments&post=4333"}],"version-history":[{"count":1,"href":"https:\/\/busondakika.com.tr\/index.php?rest_route=\/wp\/v2\/posts\/4333\/revisions"}],"predecessor-version":[{"id":4335,"href":"https:\/\/busondakika.com.tr\/index.php?rest_route=\/wp\/v2\/posts\/4333\/revisions\/4335"}],"wp:featuredmedia":[{"embeddable":true,"href":"https:\/\/busondakika.com.tr\/index.php?rest_route=\/wp\/v2\/media\/4334"}],"wp:attachment":[{"href":"https:\/\/busondakika.com.tr\/index.php?rest_route=%2Fwp%2Fv2%2Fmedia&parent=4333"}],"wp:term":[{"taxonomy":"category","embeddable":true,"href":"https:\/\/busondakika.com.tr\/index.php?rest_route=%2Fwp%2Fv2%2Fcategories&post=4333"},{"taxonomy":"post_tag","embeddable":true,"href":"https:\/\/busondakika.com.tr\/index.php?rest_route=%2Fwp%2Fv2%2Ftags&post=4333"}],"curies":[{"name":"wp","href":"https:\/\/api.w.org\/{rel}","templated":true}]}}