{"id":4351,"date":"2026-03-17T11:35:16","date_gmt":"2026-03-17T11:35:16","guid":{"rendered":"https:\/\/busondakika.com.tr\/?p=4351"},"modified":"2026-03-17T11:35:17","modified_gmt":"2026-03-17T11:35:17","slug":"canakkale-sehitleri-bir-destandir-canakkale-konseri-ile-anilacak","status":"publish","type":"post","link":"https:\/\/busondakika.com.tr\/?p=4351","title":{"rendered":"\u00c7anakkale \u015eehitleri \u201cBir Destand\u0131r \u00c7anakkale\u201d konseri ile an\u0131lacak"},"content":{"rendered":"<p> \u00a0<\/p>\n<p><span style=\"font-size:12pt\"><span style=\"font-family:Cambria,serif\"><span style=\",serif\">Antalya B\u00fcy\u00fck\u015fehir Belediyesi \u0130smail Baha S\u00fcrelsan Konservatuvar\u0131, 18 Mart \u00c7anakkale Zaferi ve \u015eehitleri Anma G\u00fcn\u00fc dolay\u0131s\u0131yla \u00f6zel bir konser program\u0131 d\u00fczenleyecek. \u201cBir Destand\u0131r \u00c7anakkale\u201d konseri 18 Mart \u00c7ar\u015famba g\u00fcn\u00fc saat 20.45\u2019te Atat\u00fcrk K\u00fclt\u00fcr Merkezi\u2019nde ger\u00e7ekle\u015ftirilecek. <\/span><\/span><\/span><\/p>\n<p><span style=\"font-size:12pt\"><span style=\"font-family:Cambria,serif\"><span style=\",serif\">\u015eef Yi\u011fit Akt\u0131 y\u00f6netimindeki B\u00fcy\u00fck\u015fehir Belediyesi \u0130smail Baha S\u00fcrelsan Konservatuvar\u0131 T\u00fcrk Halk M\u00fczi\u011fi \u0130cr\u00e2 Heyeti taraf\u0131ndan haz\u0131rlanan konserde, \u00c7anakkale Zaferi\u2019nin anlam ve \u00f6nemine ithafen t\u00fcrk\u00fcler ve anlat\u0131lar seslendirilecek. Alpdo\u011fan Eseno\u011flu\u2019nun anlat\u0131c\u0131l\u0131\u011f\u0131n\u0131 yapaca\u011f\u0131 programda, TRT \u0130stanbul Radyosu sanat\u00e7\u0131s\u0131 Zafer Ta\u015fdan konuk sanat\u00e7\u0131 olarak yer alacak. 18 Mart \u00c7anakkale Zaferi \u00d6zel Konseri, 18 Mart \u00c7ar\u015famba g\u00fcn\u00fc saat 20.45\u2019te Atat\u00fcrk K\u00fclt\u00fcr Merkezi Aspendos Salonu\u2019nda ger\u00e7ekle\u015ftirilecek. Program halka a\u00e7\u0131k ve \u00fccretsiz olacak. <\/span><\/span><\/span><\/p>\n<p>\u00a0<\/p>\n<p>Kaynak: (BYZHA) Beyaz Haber Ajans\u0131<\/p>\n","protected":false},"excerpt":{"rendered":"<p>\u00a0    Antalya B\u00fcy\u00fck\u015fehir Belediyesi \u0130smail Baha S\u00fcrelsan Konservatuvar\u0131, 18 Mart \u00c7anakkale Zaferi ve \u015eehitleri Anma G\u00fcn\u00fc dolay\u0131s\u0131yla \u00f6zel bir konser program\u0131 d\u00fczenleyecek.<\/p>\n","protected":false},"author":1,"featured_media":4352,"comment_status":"open","ping_status":"open","sticky":false,"template":"","format":"standard","meta":{"footnotes":""},"categories":[20],"tags":[],"class_list":["post-4351","post","type-post","status-publish","format-standard","has-post-thumbnail","hentry","category-kultur-sanat"],"_links":{"self":[{"href":"https:\/\/busondakika.com.tr\/index.php?rest_route=\/wp\/v2\/posts\/4351","targetHints":{"allow":["GET"]}}],"collection":[{"href":"https:\/\/busondakika.com.tr\/index.php?rest_route=\/wp\/v2\/posts"}],"about":[{"href":"https:\/\/busondakika.com.tr\/index.php?rest_route=\/wp\/v2\/types\/post"}],"author":[{"embeddable":true,"href":"https:\/\/busondakika.com.tr\/index.php?rest_route=\/wp\/v2\/users\/1"}],"replies":[{"embeddable":true,"href":"https:\/\/busondakika.com.tr\/index.php?rest_route=%2Fwp%2Fv2%2Fcomments&post=4351"}],"version-history":[{"count":1,"href":"https:\/\/busondakika.com.tr\/index.php?rest_route=\/wp\/v2\/posts\/4351\/revisions"}],"predecessor-version":[{"id":4353,"href":"https:\/\/busondakika.com.tr\/index.php?rest_route=\/wp\/v2\/posts\/4351\/revisions\/4353"}],"wp:featuredmedia":[{"embeddable":true,"href":"https:\/\/busondakika.com.tr\/index.php?rest_route=\/wp\/v2\/media\/4352"}],"wp:attachment":[{"href":"https:\/\/busondakika.com.tr\/index.php?rest_route=%2Fwp%2Fv2%2Fmedia&parent=4351"}],"wp:term":[{"taxonomy":"category","embeddable":true,"href":"https:\/\/busondakika.com.tr\/index.php?rest_route=%2Fwp%2Fv2%2Fcategories&post=4351"},{"taxonomy":"post_tag","embeddable":true,"href":"https:\/\/busondakika.com.tr\/index.php?rest_route=%2Fwp%2Fv2%2Ftags&post=4351"}],"curies":[{"name":"wp","href":"https:\/\/api.w.org\/{rel}","templated":true}]}}