{"id":4363,"date":"2026-03-17T15:27:44","date_gmt":"2026-03-17T15:27:44","guid":{"rendered":"https:\/\/busondakika.com.tr\/?p=4363"},"modified":"2026-03-17T15:27:45","modified_gmt":"2026-03-17T15:27:45","slug":"istiklal-marsi-birincisi-ecem-hifa-serte-baskan-selcuk-yildizdan-odul","status":"publish","type":"post","link":"https:\/\/busondakika.com.tr\/?p=4363","title":{"rendered":"\u0130stiklal Mar\u015f\u0131 Birincisi Ecem Hifa Sert\u2019e Ba\u015fkan Sel\u00e7uk Y\u0131ld\u0131z\u2019dan \u00d6d\u00fcl"},"content":{"rendered":"<p> Sakarya\u2019da d\u00fczenlenen \u0130stiklal Mar\u015f\u0131\u2019n\u0131 g\u00fczel okuma yar\u0131\u015fmas\u0131nda birinci olan Ecem Hifa Sert, elde etti\u011fi ba\u015far\u0131yla Geyve il\u00e7esine b\u00fcy\u00fck gurur ya\u015fatt\u0131. Ba\u015far\u0131l\u0131 \u00f6\u011frenci, Belediye Ba\u015fkan\u0131 Sel\u00e7uk Y\u0131ld\u0131z taraf\u0131ndan makam\u0131nda a\u011f\u0131rlanarak tebrik edildi.<\/p>\n<p>Belediye binas\u0131nda ger\u00e7ekle\u015fen bulu\u015fmada Ba\u015fkan Sel\u00e7uk Y\u0131ld\u0131z, gen\u00e7 \u00f6\u011frenciyi elde etti\u011fi \u00f6nemli ba\u015far\u0131dan dolay\u0131 tebrik etti. Ziyarette konu\u015fan Ba\u015fkan Y\u0131ld\u0131z, \u0130stiklal Mar\u015f\u0131\u2019n\u0131n sadece bir \u015fiir de\u011fil, ayn\u0131 zamanda milletin ba\u011f\u0131ms\u0131zl\u0131k m\u00fccadelesinin simgesi oldu\u011funu vurgulayarak, bu ruhu en iyi \u015fekilde yans\u0131tan gen\u00e7lerin her zaman desteklenmesi gerekti\u011fini ifade etti. Ecem Hifa Sert\u2019in g\u00f6sterdi\u011fi \u00fcst\u00fcn performans\u0131n takdire \u015fayan oldu\u011funu belirten Y\u0131ld\u0131z, \u201cBu ba\u015far\u0131 sadece bireysel de\u011fil, ayn\u0131 zamanda Geyve\u2019nin ve Sakarya\u2019n\u0131n ortak gururudur\u201d dedi.<\/p>\n<p>Ba\u015far\u0131l\u0131 \u00f6\u011frenciyle yak\u0131ndan ilgilenen Ba\u015fkan Y\u0131ld\u0131z, gen\u00e7lerin milli ve manevi de\u011ferlere ba\u011fl\u0131 \u015fekilde yeti\u015fmesinin \u00f6nemine dikkat \u00e7ekti. E\u011fitimin her alan\u0131nda \u00f6\u011frencilerin yan\u0131nda olduklar\u0131n\u0131 dile getiren Y\u0131ld\u0131z, bu t\u00fcr ba\u015far\u0131lar\u0131n artarak devam etmesi i\u00e7in belediye olarak desteklerini s\u00fcrd\u00fcreceklerini belirtti.<\/p>\n<p>Ziyaret s\u0131ras\u0131nda Ecem Hifa Sert de duydu\u011fu mutlulu\u011fu dile getirerek kendisini a\u011f\u0131rlayan Ba\u015fkan Y\u0131ld\u0131z\u2019a te\u015fekk\u00fcr etti. Belediye Ba\u015fkan\u0131 Sel\u00e7uk Y\u0131ld\u0131z, ba\u015far\u0131l\u0131 \u00f6\u011frenciye hediye takdim ederek ba\u015far\u0131lar\u0131n\u0131n devam\u0131n\u0131 diledi.<\/p>\n<p>\u00a0<\/p>\n<p>Kaynak: (BYZHA) Beyaz Haber Ajans\u0131<\/p>\n","protected":false},"excerpt":{"rendered":"<p>Sakarya\u2019da d\u00fczenlenen \u0130stiklal Mar\u015f\u0131\u2019n\u0131 g\u00fczel okuma yar\u0131\u015fmas\u0131nda birinci olan Ecem Hifa Sert, elde etti\u011fi ba\u015far\u0131yla Geyve il\u00e7esine b\u00fcy\u00fck gurur ya\u015fatt\u0131.<\/p>\n","protected":false},"author":1,"featured_media":4364,"comment_status":"open","ping_status":"open","sticky":false,"template":"","format":"standard","meta":{"footnotes":""},"categories":[20],"tags":[],"class_list":["post-4363","post","type-post","status-publish","format-standard","has-post-thumbnail","hentry","category-kultur-sanat"],"_links":{"self":[{"href":"https:\/\/busondakika.com.tr\/index.php?rest_route=\/wp\/v2\/posts\/4363","targetHints":{"allow":["GET"]}}],"collection":[{"href":"https:\/\/busondakika.com.tr\/index.php?rest_route=\/wp\/v2\/posts"}],"about":[{"href":"https:\/\/busondakika.com.tr\/index.php?rest_route=\/wp\/v2\/types\/post"}],"author":[{"embeddable":true,"href":"https:\/\/busondakika.com.tr\/index.php?rest_route=\/wp\/v2\/users\/1"}],"replies":[{"embeddable":true,"href":"https:\/\/busondakika.com.tr\/index.php?rest_route=%2Fwp%2Fv2%2Fcomments&post=4363"}],"version-history":[{"count":1,"href":"https:\/\/busondakika.com.tr\/index.php?rest_route=\/wp\/v2\/posts\/4363\/revisions"}],"predecessor-version":[{"id":4365,"href":"https:\/\/busondakika.com.tr\/index.php?rest_route=\/wp\/v2\/posts\/4363\/revisions\/4365"}],"wp:featuredmedia":[{"embeddable":true,"href":"https:\/\/busondakika.com.tr\/index.php?rest_route=\/wp\/v2\/media\/4364"}],"wp:attachment":[{"href":"https:\/\/busondakika.com.tr\/index.php?rest_route=%2Fwp%2Fv2%2Fmedia&parent=4363"}],"wp:term":[{"taxonomy":"category","embeddable":true,"href":"https:\/\/busondakika.com.tr\/index.php?rest_route=%2Fwp%2Fv2%2Fcategories&post=4363"},{"taxonomy":"post_tag","embeddable":true,"href":"https:\/\/busondakika.com.tr\/index.php?rest_route=%2Fwp%2Fv2%2Ftags&post=4363"}],"curies":[{"name":"wp","href":"https:\/\/api.w.org\/{rel}","templated":true}]}}