{"id":4390,"date":"2026-03-17T15:55:16","date_gmt":"2026-03-17T15:55:16","guid":{"rendered":"https:\/\/busondakika.com.tr\/?p=4390"},"modified":"2026-03-17T15:55:17","modified_gmt":"2026-03-17T15:55:17","slug":"canakkale-destani-cocuk-tiyatro-oyunu-sahnelenecek","status":"publish","type":"post","link":"https:\/\/busondakika.com.tr\/?p=4390","title":{"rendered":"\u201c\u00c7anakkale Destan\u0131\u201d \u00c7ocuk Tiyatro Oyunu Sahnelenecek"},"content":{"rendered":"\n<p class=\"MsoNoSpacing\"><span style=\"font-size:11pt\"><span style=\"font-family:Calibri,sans-serif\"><span class=\"MsoSubtleEmphasis\" style=\"color:gray\"><span style=\"font-style:italic\"><span style=\"font-size:13.0pt\">Nev\u015fehir Belediyesi taraf\u0131ndan \u00e7ocuklar\u0131n k\u00fc\u00e7\u00fck ya\u015fta milli ve manevi de\u011ferleri tan\u0131malar\u0131 i\u00e7in \u201c\u00c7anakkale Destan\u0131\u201d isimli \u00e7ocuk tiyatro oyunu d\u00fczenlenecek. <\/span><\/span><\/span><\/span><\/span><\/p>\n<p class=\"MsoNoSpacing\"><span style=\"font-size:11pt\"><span style=\"font-family:Calibri,sans-serif\"><span class=\"MsoSubtleEmphasis\" style=\"color:gray\"><span style=\"font-style:italic\"><span style=\"font-size:13.0pt\">4-10 ya\u015f aras\u0131 \u00e7ocuklara y\u00f6nelik haz\u0131rlanan, silah ve sava\u015f vurgusu yapmadan, \u00c7anakkale ruhunu ve kahramanl\u0131k an\u0131lar\u0131n\u0131 dede-torun hik\u00e2yesi \u00fczerinden anlatan e\u011fitici tiyatro oyununun Nev\u015fehirli \u00e7ocuklardan b\u00fcy\u00fck ilgi g\u00f6rmesi bekleniyor. <\/span><\/span><\/span><\/span><\/span><\/p>\n<p class=\"MsoNoSpacing\"><span style=\"font-size:11pt\"><span style=\"font-family:Calibri,sans-serif\"><span class=\"MsoSubtleEmphasis\" style=\"color:gray\"><span style=\"font-style:italic\"><span style=\"font-size:13.0pt\">1915 y\u0131l\u0131na damgas\u0131n\u0131 vuran ve T\u00fcrk tarihine kahramanl\u0131klar hediye eden \u00c7anakkale Zaferi&#8217;nin 111&#8217;nci y\u0131l d\u00f6n\u00fcm\u00fc kapsam\u0131nda Nev\u015fehir Belediyesi taraf\u0131ndan \u00e7ocuklara zafer ruhu ya\u015fatmak istenilen tiyatro oyunu Kapadokya K\u00fclt\u00fcr ve Sanat Merkezi\u2019nde 2 seans olarak g\u00f6sterilecek. <\/span><\/span><\/span><\/span><\/span><\/p>\n<p class=\"MsoNoSpacing\"><span style=\"font-size:11pt\"><span style=\"font-family:Calibri,sans-serif\"><span class=\"MsoSubtleEmphasis\" style=\"color:gray\"><span style=\"font-style:italic\"><span style=\"font-size:13.0pt\">\u201c\u00c7ANAKKALE DESTANI\u201d \u00c7OCUK T\u0130YATRO OYUNU<\/span><\/span><\/span><\/span><\/span><\/p>\n<p class=\"MsoNoSpacing\"><span style=\"font-size:11pt\"><span style=\"font-family:Calibri,sans-serif\"><span class=\"MsoSubtleEmphasis\" style=\"color:gray\"><span style=\"font-style:italic\"><span style=\"font-size:13.0pt\">Tarih\u00a0\u00a0\u00a0\u00a0\u00a0\u00a0\u00a0\u00a0\u00a0\u00a0\u00a0\u00a0\u00a0\u00a0 : 18 Mart 2026 \u00c7ar\u015famba<\/span><\/span><\/span><\/span><\/span><\/p>\n<p class=\"MsoNoSpacing\"><span style=\"font-size:11pt\"><span style=\"font-family:Calibri,sans-serif\"><span class=\"MsoSubtleEmphasis\" style=\"color:gray\"><span style=\"font-style:italic\"><span style=\"font-size:13.0pt\">Saat\u00a0\u00a0\u00a0\u00a0\u00a0\u00a0\u00a0\u00a0\u00a0\u00a0\u00a0\u00a0\u00a0\u00a0\u00a0 : 14.00 \u2013 20.00 (2 Seans)<\/span><\/span><\/span><\/span><\/span><\/p>\n<p class=\"MsoNoSpacing\"><span style=\"font-size:11pt\"><span style=\"font-family:Calibri,sans-serif\"><span class=\"MsoSubtleEmphasis\" style=\"color:gray\"><span style=\"font-style:italic\"><span style=\"font-size:13.0pt\">Yer\u00a0\u00a0\u00a0\u00a0\u00a0\u00a0\u00a0\u00a0\u00a0\u00a0\u00a0\u00a0\u00a0\u00a0\u00a0\u00a0\u00a0 : Kapadokya K\u00fclt\u00fcr ve Sanat Merkezi<\/span><\/span><\/span><\/span><\/span><\/p>\n<p class=\"MsoNoSpacing\">\u00a0<\/p>\n<p class=\"MsoNoSpacing\">\u00a0<\/p>\n<p>Kaynak: (BYZHA) Beyaz Haber Ajans\u0131<\/p>\n","protected":false},"excerpt":{"rendered":"<p>Nev\u015fehir Belediyesi taraf\u0131ndan \u00e7ocuklar\u0131n k\u00fc\u00e7\u00fck ya\u015fta milli ve manevi de\u011ferleri tan\u0131malar\u0131 i\u00e7in \u201c\u00c7anakkale Destan\u0131\u201d isimli \u00e7ocuk tiyatro oyunu d\u00fczenlenecek.<\/p>\n","protected":false},"author":1,"featured_media":4391,"comment_status":"open","ping_status":"open","sticky":false,"template":"","format":"standard","meta":{"footnotes":""},"categories":[20],"tags":[],"class_list":["post-4390","post","type-post","status-publish","format-standard","has-post-thumbnail","hentry","category-kultur-sanat"],"_links":{"self":[{"href":"https:\/\/busondakika.com.tr\/index.php?rest_route=\/wp\/v2\/posts\/4390","targetHints":{"allow":["GET"]}}],"collection":[{"href":"https:\/\/busondakika.com.tr\/index.php?rest_route=\/wp\/v2\/posts"}],"about":[{"href":"https:\/\/busondakika.com.tr\/index.php?rest_route=\/wp\/v2\/types\/post"}],"author":[{"embeddable":true,"href":"https:\/\/busondakika.com.tr\/index.php?rest_route=\/wp\/v2\/users\/1"}],"replies":[{"embeddable":true,"href":"https:\/\/busondakika.com.tr\/index.php?rest_route=%2Fwp%2Fv2%2Fcomments&post=4390"}],"version-history":[{"count":1,"href":"https:\/\/busondakika.com.tr\/index.php?rest_route=\/wp\/v2\/posts\/4390\/revisions"}],"predecessor-version":[{"id":4392,"href":"https:\/\/busondakika.com.tr\/index.php?rest_route=\/wp\/v2\/posts\/4390\/revisions\/4392"}],"wp:featuredmedia":[{"embeddable":true,"href":"https:\/\/busondakika.com.tr\/index.php?rest_route=\/wp\/v2\/media\/4391"}],"wp:attachment":[{"href":"https:\/\/busondakika.com.tr\/index.php?rest_route=%2Fwp%2Fv2%2Fmedia&parent=4390"}],"wp:term":[{"taxonomy":"category","embeddable":true,"href":"https:\/\/busondakika.com.tr\/index.php?rest_route=%2Fwp%2Fv2%2Fcategories&post=4390"},{"taxonomy":"post_tag","embeddable":true,"href":"https:\/\/busondakika.com.tr\/index.php?rest_route=%2Fwp%2Fv2%2Ftags&post=4390"}],"curies":[{"name":"wp","href":"https:\/\/api.w.org\/{rel}","templated":true}]}}